{"id":9177,"date":"2026-08-29T12:32:07","date_gmt":"2026-08-29T12:32:07","guid":{"rendered":"https:\/\/salago.design\/?p=9177"},"modified":"2026-08-29T12:41:07","modified_gmt":"2026-08-29T12:41:07","slug":"branding-climate-tech-prima-verde","status":"publish","type":"post","link":"https:\/\/salago.design\/es\/blog\/branding-climate-tech-prima-verde\/","title":{"rendered":"Branding para climate tech cuando nadie paga la prima verde"},"content":{"rendered":"\n<p class=\"wp-block-paragraph\"><strong>Respuesta corta:<\/strong> el branding de climate tech deja de funcionar cuando vende la misi\u00f3n en lugar de la sustituci\u00f3n. En 2025 los dos extremos del mercado se movieron, y lo hicieron en direcciones opuestas. Los inversores metieron 40.500 millones de d\u00f3lares en climate tech con un 18% menos de operaciones, con la etapa de crecimiento un 78% arriba mientras el capital semilla ca\u00eda un 20%. Los compradores industriales fueron al rev\u00e9s: en una encuesta de Fastmarkets a 23 consumidores europeos de acero, solo alrededor del 20% pagar\u00eda m\u00e1s de 75 d\u00f3lares por tonelada por acero de menor huella, y ninguno pagar\u00eda m\u00e1s de 330. Una marca que abre hablando del planeta no le est\u00e1 hablando a ninguno de los dos. Una marca que abre con la sustituci\u00f3n &#8212; qu\u00e9 reemplaza, a qu\u00e9 coste, para qui\u00e9n y con qu\u00e9 prueba &#8212; les habla a los dos a la vez.<\/p>\n\n\n\n<h2 class=\"wp-block-heading\">El dinero no se fue. Cambi\u00f3 de forma<\/h2>\n\n\n\n<p class=\"wp-block-paragraph\">La lectura equivocada m\u00e1s repetida de los dos \u00faltimos a\u00f1os es que la financiaci\u00f3n de climate tech se hundi\u00f3. No se hundi\u00f3: el total subi\u00f3. Lo que se hundi\u00f3 fue el n\u00famero de empresas que se lo reparten. La distinci\u00f3n importa para el posicionamiento, porque una categor\u00eda con m\u00e1s dinero en menos manos premia un tipo de marca completamente distinto al de una categor\u00eda con el dinero repartido.<\/p>\n\n\n\n<figure class=\"wp-block-table\"><table><thead><tr><th>Medida<\/th><th>2025<\/th><th>Variaci\u00f3n frente a 2024<\/th><th>Qu\u00e9 significa para tu marca<\/th><\/tr><\/thead><tbody>\n<tr><td>Capital riesgo y crecimiento en climate tech<\/td><td>40.500 M USD<\/td><td>+8%<\/td><td>La categor\u00eda no se est\u00e1 encogiendo. Deja de disculparte por ella en la primera l\u00ednea.<\/td><\/tr>\n<tr><td>N\u00famero de operaciones<\/td><td>1.545<\/td><td>-18%, la cifra m\u00e1s baja desde 2020<\/td><td>Menos apuestas y m\u00e1s grandes. Entrar en una lista corta importa m\u00e1s que ser encontrable.<\/td><\/tr>\n<tr><td>Inversi\u00f3n en semilla<\/td><td>&#8211;<\/td><td>-20%<\/td><td>El relato por s\u00ed solo ya no pasa la primera ronda.<\/td><\/tr>\n<tr><td>Inversi\u00f3n en Serie A<\/td><td>&#8211;<\/td><td>-7% en valor, -22% en n\u00famero de operaciones<\/td><td>La A es donde se pone a prueba el posicionamiento, y se ha endurecido.<\/td><\/tr>\n<tr><td>Inversi\u00f3n en etapa de crecimiento<\/td><td>&#8211;<\/td><td>+78% en valor, +41% en operaciones<\/td><td>El capital se concentra en empresas que ya se leen como infraestructura, no como causa.<\/td><\/tr>\n<tr><td>Inversi\u00f3n en Serie C<\/td><td>&#8211;<\/td><td>-32%, m\u00ednimo hist\u00f3rico<\/td><td>El hueco se abre justo donde la promesa deber\u00eda haberse convertido en prueba.<\/td><\/tr>\n<tr><td>Grandes operaciones enmarcadas en seguridad energ\u00e9tica y resiliencia<\/td><td>7.200 M de 10.100 M USD<\/td><td>6 de las 10 mayores<\/td><td>El marco que gana es la seguridad, no la virtud.<\/td><\/tr>\n<\/tbody><\/table><figcaption class=\"wp-element-caption\">Fuente: Sightline Climate (CTVC), revisi\u00f3n anual de inversi\u00f3n en climate tech 2025, publicada en enero de 2026. Cifras reportadas de forma independiente por Semafor.<\/figcaption><\/figure>\n\n\n\n<p class=\"wp-block-paragraph\">Vuelve a leer la \u00faltima fila. Seis de las diez mayores operaciones del a\u00f1o estaban enmarcadas en seguridad energ\u00e9tica y resiliencia, y se llevaron 7.200 de los 10.100 millones de d\u00f3lares en grandes operaciones. No son empresas distintas de las que en 2021 se habr\u00edan llamado climate tech. En muchos casos son las mismas empresas con otra primera frase.<\/p>\n\n\n\n<h2 class=\"wp-block-heading\">Europa ya es el mayor mercado, y el m\u00e1s dif\u00edcil de medir<\/h2>\n\n\n\n<p class=\"wp-block-paragraph\">En el primer trimestre de 2026 Europa lider\u00f3 por primera vez la inversi\u00f3n mundial de capital riesgo en climate tech. Es tambi\u00e9n el trimestre en el que dos fuentes solventes publicaron cifras que parecen irreconciliables. No lo son: miden cosas distintas. Y saber cu\u00e1l de las dos est\u00e1 citando tu inversor vale m\u00e1s que cualquier diapositiva del deck.<\/p>\n\n\n\n<figure class=\"wp-block-table\"><table><thead><tr><th>Fuente<\/th><th>Qu\u00e9 cuenta<\/th><th>Inversi\u00f3n Q1 2026<\/th><th>Operaciones<\/th><\/tr><\/thead><tbody>\n<tr><td>PitchBook<\/td><td>Capital riesgo en climate tech, Europa incluido Reino Unido<\/td><td>6.600 M USD<\/td><td>191<\/td><\/tr>\n<tr><td>Cleantech for Europe<\/td><td>Capital riesgo y crecimiento en cleantech, solo UE-27, sin deuda<\/td><td>1.300 M EUR<\/td><td>62<\/td><\/tr>\n<\/tbody><\/table><figcaption class=\"wp-element-caption\">Dos lecturas publicadas del mismo trimestre. La diferencia es de alcance, no de error: geograf\u00eda, definici\u00f3n del sector y si se cuenta la deuda.<\/figcaption><\/figure>\n\n\n\n<p class=\"wp-block-paragraph\">Las dos coinciden en la forma de fondo. Seg\u00fan PitchBook, tres operaciones concentraron el 56,4% del valor trimestral europeo. Seg\u00fan Cleantech for Europe, 62 operaciones es el trimestre m\u00e1s bajo desde 2017, las operaciones de etapa temprana cayeron un 25% en un solo trimestre y el n\u00famero de operaciones de etapa tard\u00eda toc\u00f3 m\u00ednimos de cinco a\u00f1os. Concentraci\u00f3n arriba, adelgazamiento abajo.<\/p>\n\n\n\n<p class=\"wp-block-paragraph\">La geograf\u00eda importa si levantas capital en Europa. En ese trimestre Alemania cerr\u00f3 18 operaciones, Francia 12, Pa\u00edses Bajos 7 y Espa\u00f1a 6, y solo 16 de los 27 Estados miembros registraron alguna actividad de capital riesgo en cleantech. Energ\u00eda y potencia se llev\u00f3 el 62% del dinero; transporte y log\u00edstica el 16%; residuos y reciclaje el 7%; recursos, agroalimentaci\u00f3n y materiales un 5% cada uno. Si est\u00e1s fuera de energ\u00eda, compites por el tercio restante, que es otra forma de decir que tu posicionamiento tiene que trabajar m\u00e1s, no menos.<\/p>\n\n\n\n<h2 class=\"wp-block-heading\">El vocabulario se movi\u00f3 y la mayor\u00eda de las webs no<\/h2>\n\n\n\n<p class=\"wp-block-paragraph\">La se\u00f1al m\u00e1s clara de 2025 fue ling\u00fc\u00edstica. Sightline Climate resumi\u00f3 el a\u00f1o diciendo que la inversi\u00f3n est\u00e1 anclada ya a \u00abelectrones, no a emisiones\u00bb. Los analistas de Trellis describieron el mismo giro en las propias palabras: descarbonizaci\u00f3n pas\u00f3 a ser seguridad energ\u00e9tica, y reducci\u00f3n de emisiones pas\u00f3 a ser resiliencia. No es maquillaje. Es el mercado dici\u00e9ndote qu\u00e9 valor est\u00e1 pagando de verdad, y est\u00e1 pagando coste, continuidad y control.<\/p>\n\n\n\n<figure class=\"wp-block-table\"><table><thead><tr><th>La palabra que dej\u00f3 de funcionar<\/th><th>Lo que la sustituy\u00f3<\/th><th>Para qui\u00e9n es ese lenguaje<\/th><\/tr><\/thead><tbody>\n<tr><td>Descarbonizaci\u00f3n<\/td><td>Seguridad energ\u00e9tica<\/td><td>Inversores y consejos industriales<\/td><\/tr>\n<tr><td>Reducci\u00f3n de emisiones<\/td><td>Resiliencia, continuidad de suministro<\/td><td>Operaciones y responsables de riesgo<\/td><\/tr>\n<tr><td>Sostenible<\/td><td>Menor coste por unidad, menor coste por tonelada evitada<\/td><td>Compras<\/td><\/tr>\n<tr><td>Verde<\/td><td>Certificado, medido, auditable<\/td><td>Cumplimiento, reporte CBAM y el reporte del propio cliente<\/td><\/tr>\n<tr><td>Clim\u00e1ticamente positivo, ecol\u00f3gico, neutro en carbono por compensaci\u00f3n<\/td><td>Nada. Est\u00e1n en la lista de prohibidas en la UE desde el 27 de septiembre de 2026<\/td><td>Nadie, y pronto tampoco legalmente<\/td><\/tr>\n<\/tbody><\/table><figcaption class=\"wp-element-caption\">Las cuatro primeras filas son comportamiento de mercado, documentado en la revisi\u00f3n 2025 de Sightline Climate y el an\u00e1lisis 2026 de Trellis. La quinta es ley: Directiva (UE) 2024\/825.<\/figcaption><\/figure>\n\n\n\n<h2 class=\"wp-block-heading\">El comprador no paga la prima verde. El acero lo demuestra<\/h2>\n\n\n\n<p class=\"wp-block-paragraph\">El acero verde es el caso de prueba m\u00e1s limpio de la econom\u00eda, porque es una materia prima con precio publicado, intensidad de carbono publicada y prima publicada. Si existiera disposici\u00f3n a pagar una prima verde en alg\u00fan sitio, aparecer\u00eda ah\u00ed primero. No ha aparecido.<\/p>\n\n\n\n<figure class=\"wp-block-table\"><table><thead><tr><th>Mercado<\/th><th>Lo que piden los vendedores<\/th><th>Lo que pagan los compradores<\/th><\/tr><\/thead><tbody>\n<tr><td>Europa, contratos a largo plazo<\/td><td>200-350 EUR por tonelada<\/td><td>Firmados por un n\u00famero reducido de compradores del autom\u00f3vil<\/td><\/tr>\n<tr><td>Europa, valoraci\u00f3n semanal, enero de 2026<\/td><td>100-170 EUR por tonelada<\/td><td>Estable durante 2025 en una banda de 120-180 EUR<\/td><\/tr>\n<tr><td>Europa, mercado spot<\/td><td>50-100 EUR por tonelada<\/td><td>Actividad escasa<\/td><\/tr>\n<tr><td>Europa, encuesta a 23 consumidores de acero<\/td><td>&#8211;<\/td><td>Alrededor del 20% pagar\u00eda m\u00e1s de 75 USD por tonelada. Ninguno pagar\u00eda m\u00e1s de 330 USD por tonelada.<\/td><\/tr>\n<tr><td>China<\/td><td>Unos 140 USD por tonelada de sobrecoste de producci\u00f3n<\/td><td>Unos 20 USD por tonelada<\/td><\/tr>\n<tr><td>Estados Unidos<\/td><td>&#8211;<\/td><td>Sin prima reconocida desde mayo de 2024<\/td><\/tr>\n<\/tbody><\/table><figcaption class=\"wp-element-caption\">Fuentes: valoraciones semanales del diferencial de acero verde de Fastmarkets (enero de 2025 y enero de 2026) y encuesta de Fastmarkets de 2024 a 23 consumidores europeos de acero, recopiladas por Steel on the Net, agosto de 2026.<\/figcaption><\/figure>\n\n\n\n<p class=\"wp-block-paragraph\">El volumen cuenta lo mismo. El acero verde certificado con prima est\u00e1 entre 4 y 6 millones de toneladas frente a una producci\u00f3n mundial de unos 1.885 millones: alrededor de una cuarta parte del uno por ciento. Y la demanda que s\u00ed existe no es virtud. Fastmarkets atribuye el giro europeo a la regulaci\u00f3n, en concreto al Mecanismo de Ajuste en Frontera por Carbono, que obliga a definir y separa a los primeros ganadores de los rezagados. Los compradores no compran menos carbono porque est\u00e9 bien. Lo compran porque una norma ha encarecido su alternativa.<\/p>\n\n\n\n<p class=\"wp-block-paragraph\">Esto es lo m\u00e1s \u00fatil que puede interiorizar un fundador de climate tech antes de escribir una sola l\u00ednea de la web. La disposici\u00f3n a pagar de tu comprador no depende de si te cree. Depende de si una regulaci\u00f3n, un requisito de su cliente o una l\u00ednea de coste hacen que no cambiar salga peor que cambiar. El trabajo de tu marca es hacer esa comparaci\u00f3n r\u00e1pida, cre\u00edble y f\u00e1cil de defender internamente. Todo lo dem\u00e1s es decoraci\u00f3n.<\/p>\n\n\n\n<h2 class=\"wp-block-heading\">\u00bfSignifica esto esconder la parte clim\u00e1tica?<\/h2>\n\n\n\n<p class=\"wp-block-paragraph\">No, y merece la pena ser preciso, porque medio sector ha sobrecorregido. Hay una diferencia entre con qu\u00e9 abres y qu\u00e9 omites.<\/p>\n\n\n\n<p class=\"wp-block-paragraph\">La misi\u00f3n es por lo que tus mejores ingenieros aceptaron cobrar menos, por lo que tu consejo tolera un retorno m\u00e1s largo, y por lo que el equipo de sostenibilidad de un cliente se convierte en aliado interno cuando compras se atasca. Quitarla es perder un activo real. Lo que no hace la misi\u00f3n es cerrar una venta. No es la raz\u00f3n por la que firma un jefe de planta: es la raz\u00f3n por la que un compa\u00f1ero suyo le reenv\u00eda tu p\u00e1gina.<\/p>\n\n\n\n<p class=\"wp-block-paragraph\">As\u00ed que: abre con la sustituci\u00f3n, conserva la misi\u00f3n y aseg\u00farate de que las dos aparecen juntas en una misma frase al menos una vez. \u00abSustituimos X, a un coste Y por unidad, y eso elimina Z toneladas\u00bb es una frase que funciona a la vez con compras, con sostenibilidad y con un comit\u00e9 de inversi\u00f3n. \u00abEstamos descarbonizando la industria pesada\u00bb no funciona con ninguno, porque no le dice a nadie qu\u00e9 hacer a continuaci\u00f3n.<\/p>\n\n\n\n<p class=\"wp-block-paragraph\">Ahora adem\u00e1s hay un filo legal. Desde el 27 de septiembre de 2026, la Directiva (UE) 2024\/825 proh\u00edbe las afirmaciones ambientales gen\u00e9ricas sin prueba, las de neutralidad en carbono basadas en compensaci\u00f3n y varias familias m\u00e1s de afirmaci\u00f3n que hoy son comunes en las webs de climate tech. Lo desarrollamos aparte en <a href=\"https:\/\/salago.design\/es\/blog\/branding-impacto-afirmaciones\/\">qu\u00e9 cambiar antes del 27 de septiembre de 2026<\/a>. La versi\u00f3n corta: el vocabulario vago es a la vez poco convincente para tu comprador, poco atractivo para tu inversor y est\u00e1 a punto de ser ilegal. Tres razones, un mismo arreglo.<\/p>\n\n\n\n<h2 class=\"wp-block-heading\">Cinco cosas que cambiar en una marca de climate tech, por orden<\/h2>\n\n\n\n<ol class=\"wp-block-list\">\n<li><strong>Nombra la sustituci\u00f3n en la primera l\u00ednea.<\/strong> No la categor\u00eda, no la misi\u00f3n, no la tecnolog\u00eda. \u00bfQu\u00e9 deja de comprar un cliente cuando empieza a comprarte a ti? Si tu portada no responde eso sin hacer scroll, nada de lo que haya m\u00e1s abajo se va a leer.<\/li>\n<li><strong>Ponle un n\u00famero al lado.<\/strong> Coste por unidad, coste por tonelada evitada, retorno en meses, disponibilidad, o la m\u00e9trica que use el propio cliente. No tiene que ser favorecedor. Tiene que ser comprobable. Un n\u00famero que un comprador puede discutir vale m\u00e1s que un adjetivo que no puede discutir.<\/li>\n<li><strong>Separa a los tres p\u00fablicos en lugar de promediarlos.<\/strong> Un inversor quiere el mercado y la defensa. Un responsable de compras quiere la comparaci\u00f3n contra el suministro actual. Un responsable de sostenibilidad o cumplimiento quiere la metodolog\u00eda y la certificaci\u00f3n. Una p\u00e1gina que intenta satisfacer a los tres no satisface a ninguno. Tres rutas claras desde la portada cuestan menos que una p\u00e1gina ingeniosa.<\/li>\n<li><strong>Sube la prueba y baja la promesa.<\/strong> Pilotos, acuerdos de compra, certificaciones, medici\u00f3n de terceros, clientes con nombre. En un mercado donde la inversi\u00f3n en Serie C cay\u00f3 un 32% hasta su m\u00ednimo hist\u00f3rico, las empresas que se atascan son aquellas cuyas evidencias nunca alcanzaron a su relato.<\/li>\n<li><strong>Audita cada afirmaci\u00f3n ambiental contra las reglas de 2026 ahora, no en septiembre.<\/strong> Los t\u00e9rminos gen\u00e9ricos, la neutralidad por compensaci\u00f3n y los compromisos de futuro sin verificar tienen que irse o conseguir prueba. Hacerlo pronto es una mejora de posicionamiento. Hacerlo con prisa es un tr\u00e1mite legal.<\/li>\n<\/ol>\n\n\n\n<h2 class=\"wp-block-heading\">Cu\u00e1nto cuesta y por d\u00f3nde empezar<\/h2>\n\n\n\n<p class=\"wp-block-paragraph\">El rango realista para una empresa de climate tech entre Serie A y Serie B es el mismo que el del resto del B2B t\u00e9cnico, y desglosamos las cifras en <a href=\"https:\/\/salago.design\/es\/blog\/cuanto-cuesta-branding-b2b\/\">cu\u00e1nto cuesta el branding B2B<\/a>. Lo que cambia en climate tech es la secuencia, no el precio. Lo marcan dos condicionantes.<\/p>\n\n\n\n<p class=\"wp-block-paragraph\">El primero es la forma de la financiaci\u00f3n que ve\u00edamos arriba: con la etapa de crecimiento un 78% arriba y el n\u00famero de operaciones de Serie A un 22% abajo, la presi\u00f3n sobre el posicionamiento llega antes de lo que los fundadores esperan. El segundo es el 27 de septiembre de 2026, que pone una fecha l\u00edmite dura sobre la capa de afirmaciones, est\u00e9s donde est\u00e9s en tu hoja de ruta.<\/p>\n\n\n\n<p class=\"wp-block-paragraph\">En la pr\u00e1ctica eso significa empezar por el argumento y no por el sistema visual. Un <strong>Brand Audit<\/strong> de 2.500 \u20ac en tres a cinco d\u00edas te dice qu\u00e9 afirmaciones est\u00e1n expuestas, qu\u00e9 p\u00e1gina pierde al comprador y si la sustituci\u00f3n se entiende siquiera. <strong>Clarity<\/strong>, 5.000 \u20ac cerrados en dos o tres semanas, arregla el argumento en s\u00ed: la frase de categor\u00eda, la estructura de prueba y las tres rutas por p\u00fablico. Solo despu\u00e9s una <strong>Identity<\/strong> desde 15.000 \u20ac hace un trabajo que dura, porque viste una posici\u00f3n ya contrastada en lugar de una que todav\u00eda se est\u00e1 adivinando.<\/p>\n\n\n\n<h2 class=\"wp-block-heading\">C\u00f3mo trabajamos esto en Salago<\/h2>\n\n\n\n<p class=\"wp-block-paragraph\">Salago es un estudio de branding en Madrid que trabaja con empresas de ciencia, tecnolog\u00eda e impacto. La mayor parte de nuestro trabajo est\u00e1 exactamente en esta situaci\u00f3n: una empresa t\u00e9cnicamente s\u00f3lida, con un comprador industrial, con valor real y con una web que describe una misi\u00f3n en lugar de una sustituci\u00f3n.<\/p>\n\n\n\n<p class=\"wp-block-paragraph\">En agroalimentaci\u00f3n y medio ambiente eso ha sido <strong>Timac Agro<\/strong>, <strong>Probelte<\/strong>, <strong>Norte Organics<\/strong> y <strong>Kynegos<\/strong>, donde quien lee es un agr\u00f3nomo o un responsable de operaciones y no un consumidor, y donde la afirmaci\u00f3n tiene que sobrevivir a un lector t\u00e9cnico. En biotech, <strong>GUA<\/strong>, donde el horizonte es el siguiente hito y no el siguiente ejercicio. El patr\u00f3n se repite: las empresas que convierten no son las que tienen el prop\u00f3sito m\u00e1s inspirador, son aquellas cuyo valor resulta legible para un especialista esc\u00e9ptico en menos de un minuto.<\/p>\n\n\n\n<p class=\"wp-block-paragraph\">Somos un estudio de dise\u00f1o, no un despacho de abogados ni un organismo de certificaci\u00f3n. Nada de lo que hay aqu\u00ed es asesoramiento legal, y el trabajo de afirmaciones que hacemos va de claridad y evidencia, no de validaci\u00f3n de cumplimiento. Si tu exposici\u00f3n es relevante, que un abogado lea la redacci\u00f3n final.<\/p>\n\n\n\n<p class=\"wp-block-paragraph\">Para seguir leyendo: <a href=\"https:\/\/salago.design\/es\/blog\/branding-agtech\/\">branding para agtech, donde quien lee no es quien compra<\/a>, <a href=\"https:\/\/salago.design\/es\/blog\/cuanto-cuesta-rebranding-biotech\/\">cu\u00e1nto cuesta un rebranding biotech y cu\u00e1ndo hacerlo<\/a> y <a href=\"https:\/\/salago.design\/es\/blog\/branding-impacto-afirmaciones\/\">qu\u00e9 deben cambiar las empresas de impacto antes del 27 de septiembre de 2026<\/a>.<\/p>\n\n\n\n<h2 class=\"wp-block-heading\">Preguntas frecuentes<\/h2>\n\n\n\n<div class=\"schema-faq wp-block-yoast-faq-block\">\n<div class=\"schema-faq-section\" id=\"faq-question-12221001\"><strong class=\"schema-faq-question\">\u00bfQu\u00e9 es el branding para climate tech?<\/strong> <p class=\"schema-faq-answer\">El branding para climate tech es el trabajo de hacer que una tecnolog\u00eda clim\u00e1tica o energ\u00e9tica resulte legible y cre\u00edble para quienes deciden comprarla, financiarla o aprobarla. En la pr\u00e1ctica eso significa nombrar qu\u00e9 sustituye la tecnolog\u00eda, ponerle un n\u00famero comprobable a la comparaci\u00f3n y separar las rutas para inversores, compras y cumplimiento. No es narrativa ambiental, y en 2026 cada vez menos es vocabulario ambiental.<\/p><\/div>\n<div class=\"schema-faq-section\" id=\"faq-question-12221002\"><strong class=\"schema-faq-question\">\u00bfUna empresa de climate tech deber\u00eda dejar de hablar de clima?<\/strong> <p class=\"schema-faq-answer\">No, pero deber\u00eda dejar de abrir con eso. La misi\u00f3n es lo que atrae talento, lo que sostiene un retorno m\u00e1s largo y lo que crea aliados internos en el cliente, as\u00ed que quitarla cuesta un activo real. Lo que no hace es cerrar una venta, porque un comprador industrial firma por coste, continuidad y riesgo. La estructura que funciona es abrir con la sustituci\u00f3n y mantener la misi\u00f3n en la misma frase: qu\u00e9 reemplazas, a qu\u00e9 coste y qu\u00e9 elimina eso.<\/p><\/div>\n<div class=\"schema-faq-section\" id=\"faq-question-12221003\"><strong class=\"schema-faq-question\">\u00bfPor qu\u00e9 subi\u00f3 la financiaci\u00f3n de climate tech mientras ca\u00eda el n\u00famero de operaciones?<\/strong> <p class=\"schema-faq-answer\">Porque el capital se concentr\u00f3. En 2025 el climate tech capt\u00f3 40.500 millones de d\u00f3lares en capital riesgo y crecimiento, un 8% m\u00e1s que en 2024, pero repartidos en 1.545 operaciones: un 18% menos y la cifra m\u00e1s baja desde 2020. La etapa de crecimiento subi\u00f3 un 78% mientras la semilla ca\u00eda un 20% y el n\u00famero de operaciones de Serie A ca\u00eda un 22%. M\u00e1s dinero lleg\u00f3 a menos empresas y m\u00e1s maduras, lo que sube el list\u00f3n de cu\u00e1nto tarda una empresa en leerse como infraestructura en lugar de como promesa.<\/p><\/div>\n<div class=\"schema-faq-section\" id=\"faq-question-12221004\"><strong class=\"schema-faq-question\">\u00bfVan a pagar los compradores industriales una prima por productos de menor huella?<\/strong> <p class=\"schema-faq-answer\">En su mayor\u00eda no, seg\u00fan la evidencia disponible. En una encuesta de Fastmarkets de 2024 a 23 consumidores europeos de acero, solo alrededor del 20% pagar\u00eda m\u00e1s de 75 d\u00f3lares por tonelada por acero de menor huella y ninguno pagar\u00eda m\u00e1s de 330. El acero verde certificado es aproximadamente una cuarta parte del uno por ciento de la producci\u00f3n mundial. En Estados Unidos no hay prima reconocida desde mayo de 2024. Donde s\u00ed hay demanda en Europa, los analistas la atribuyen a la regulaci\u00f3n, como el CBAM, y no a una disposici\u00f3n voluntaria a pagar.<\/p><\/div>\n<div class=\"schema-faq-section\" id=\"faq-question-12221005\"><strong class=\"schema-faq-question\">\u00bfQu\u00e9 cambia el 27 de septiembre de 2026 para las webs de climate tech?<\/strong> <p class=\"schema-faq-answer\">La Directiva (UE) 2024\/825 pasa a aplicarse en toda la Uni\u00f3n Europea sin periodo transitorio, y proh\u00edbe varias familias de afirmaci\u00f3n ambiental hoy habituales: t\u00e9rminos gen\u00e9ricos como respetuoso con el medio ambiente o clim\u00e1ticamente neutro sin prueba, las afirmaciones de neutralidad en carbono basadas en compensaci\u00f3n, y los compromisos de desempe\u00f1o ambiental futuro sin verificar. Las sanciones se fijan en un m\u00ednimo del 4% de la facturaci\u00f3n en el Estado miembro afectado, o al menos 2 millones de euros cuando no haya cifra de facturaci\u00f3n disponible. Esto es informaci\u00f3n general, no asesoramiento legal.<\/p><\/div>\n<div class=\"schema-faq-section\" id=\"faq-question-12221006\"><strong class=\"schema-faq-question\">\u00bfQu\u00e9 debe decir la portada de una empresa de climate tech?<\/strong> <p class=\"schema-faq-answer\">Debe nombrar la sustituci\u00f3n y ponerle un n\u00famero. Quien entra tendr\u00eda que poder responder tres preguntas sin hacer scroll: qu\u00e9 deja de comprar un cliente cuando empieza a comprarte, qu\u00e9 le cuesta o le ahorra eso en su propia m\u00e9trica, y qui\u00e9n lo ha hecho ya. Las frases de categor\u00eda del tipo descarbonizamos la industria pesada suspenden esta prueba porque no le dan al lector nada que hacer a continuaci\u00f3n.<\/p><\/div>\n<div class=\"schema-faq-section\" id=\"faq-question-12221007\"><strong class=\"schema-faq-question\">\u00bfCu\u00e1nto cuesta el branding de una empresa de climate tech?<\/strong> <p class=\"schema-faq-answer\">El rango realista es el mismo que el de otro B2B t\u00e9cnico: un Brand Audit de 2.500 \u20ac en tres a cinco d\u00edas, Clarity por 5.000 \u20ac cerrados en dos o tres semanas, una Identity desde 15.000 \u20ac en seis a ocho semanas y un System completo desde 35.000 \u20ac en tres o cuatro meses. Lo que cambia en climate tech es la secuencia y no el precio, porque la capa de afirmaciones tiene ahora una fecha l\u00edmite legal encima.<\/p><\/div>\n<div class=\"schema-faq-section\" id=\"faq-question-12221008\"><strong class=\"schema-faq-question\">\u00bfCu\u00e1nto tarda un rebranding de climate tech?<\/strong> <p class=\"schema-faq-answer\">Entre tres semanas y cuatro meses seg\u00fan el alcance. El argumento en s\u00ed, es decir la frase de categor\u00eda, la estructura de prueba y las rutas por p\u00fablico, se resuelve en dos o tres semanas. Una identidad completa lleva de seis a ocho semanas y un sistema completo con entrega digital lleva de tres a cuatro meses. Si lo que te empuja es la fecha de septiembre de 2026, empieza por la auditor\u00eda y el argumento, que es donde est\u00e1 la exposici\u00f3n.<\/p><\/div>\n<div class=\"schema-faq-section\" id=\"faq-question-12221009\"><strong class=\"schema-faq-question\">\u00bfEs distinto el branding de climate tech del de cleantech o greentech?<\/strong> <p class=\"schema-faq-answer\">Los t\u00e9rminos describen mercados que se solapan, pero llevan detr\u00e1s alcances de medici\u00f3n distintos, y eso importa al citar cifras. En el primer trimestre de 2026 PitchBook cont\u00f3 6.600 millones de d\u00f3lares de capital riesgo en climate tech repartidos en 191 operaciones en Europa incluyendo Reino Unido, mientras Cleantech for Europe cont\u00f3 1.300 millones de euros en 62 operaciones en la UE-27 sin deuda. Ninguna de las dos est\u00e1 mal. Antes de citar un tama\u00f1o de mercado, comprueba qu\u00e9 definici\u00f3n, qu\u00e9 geograf\u00eda y si incluye deuda.<\/p><\/div>\n<\/div>\n\n","protected":false},"excerpt":{"rendered":"<p>El climate tech capt\u00f3 m\u00e1s dinero en menos operaciones en 2025, y los compradores industriales siguen sin pagar la prima verde. Qu\u00e9 significa para tu posicionamiento, tu prueba y tu precio.<\/p>\n","protected":false},"author":7,"featured_media":9180,"comment_status":"closed","ping_status":"closed","sticky":false,"template":"","format":"standard","meta":{"site-sidebar-layout":"default","site-content-layout":"","ast-site-content-layout":"default","site-content-style":"default","site-sidebar-style":"default","ast-global-header-display":"","ast-banner-title-visibility":"","ast-main-header-display":"","ast-hfb-above-header-display":"","ast-hfb-below-header-display":"","ast-hfb-mobile-header-display":"","site-post-title":"","ast-breadcrumbs-content":"","ast-featured-img":"","footer-sml-layout":"","ast-disable-related-posts":"","theme-transparent-header-meta":"","adv-header-id-meta":"","stick-header-meta":"","header-above-stick-meta":"","header-main-stick-meta":"","header-below-stick-meta":"","astra-migrate-meta-layouts":"default","ast-page-background-enabled":"default","ast-page-background-meta":{"desktop":{"background-color":"var(--ast-global-color-5)","background-image":"","background-repeat":"repeat","background-position":"center center","background-size":"auto","background-attachment":"scroll","background-type":"","background-media":"","overlay-type":"","overlay-color":"","overlay-opacity":"","overlay-gradient":""},"tablet":{"background-color":"","background-image":"","background-repeat":"repeat","background-position":"center center","background-size":"auto","background-attachment":"scroll","background-type":"","background-media":"","overlay-type":"","overlay-color":"","overlay-opacity":"","overlay-gradient":""},"mobile":{"background-color":"","background-image":"","background-repeat":"repeat","background-position":"center center","background-size":"auto","background-attachment":"scroll","background-type":"","background-media":"","overlay-type":"","overlay-color":"","overlay-opacity":"","overlay-gradient":""}},"ast-content-background-meta":{"desktop":{"background-color":"var(--ast-global-color-4)","background-image":"","background-repeat":"repeat","background-position":"center center","background-size":"auto","background-attachment":"scroll","background-type":"","background-media":"","overlay-type":"","overlay-color":"","overlay-opacity":"","overlay-gradient":""},"tablet":{"background-color":"var(--ast-global-color-4)","background-image":"","background-repeat":"repeat","background-position":"center center","background-size":"auto","background-attachment":"scroll","background-type":"","background-media":"","overlay-type":"","overlay-color":"","overlay-opacity":"","overlay-gradient":""},"mobile":{"background-color":"var(--ast-global-color-4)","background-image":"","background-repeat":"repeat","background-position":"center center","background-size":"auto","background-attachment":"scroll","background-type":"","background-media":"","overlay-type":"","overlay-color":"","overlay-opacity":"","overlay-gradient":""}},"page_builder":"","footnotes":""},"categories":[24],"tags":[],"class_list":["post-9177","post","type-post","status-publish","format-standard","has-post-thumbnail","hentry","category-branding"],"yoast_head":"<!-- This site is optimized with the Yoast SEO plugin v28.4 - https:\/\/yoast.com\/product\/yoast-seo-wordpress\/ -->\n<title>Branding para climate tech cuando nadie paga la prima verde<\/title>\n<meta name=\"description\" content=\"La inversi\u00f3n en climate tech subi\u00f3 un 8% con un 18% menos de operaciones y los compradores siguen sin pagar la prima verde. Qu\u00e9 cambiar en tu marca.\" \/>\n<meta name=\"robots\" content=\"index, follow, max-snippet:-1, max-image-preview:large, max-video-preview:-1\" \/>\n<link rel=\"canonical\" href=\"https:\/\/salago.design\/es\/blog\/branding-climate-tech-prima-verde\/\" \/>\n<meta property=\"og:locale\" content=\"es_ES\" \/>\n<meta property=\"og:type\" content=\"article\" \/>\n<meta property=\"og:title\" content=\"Branding para climate tech cuando nadie paga la prima verde\" \/>\n<meta property=\"og:description\" content=\"La inversi\u00f3n en climate tech subi\u00f3 un 8% con un 18% menos de operaciones y los compradores siguen sin pagar la prima verde. Qu\u00e9 cambiar en tu marca.\" \/>\n<meta property=\"og:url\" content=\"https:\/\/salago.design\/es\/blog\/branding-climate-tech-prima-verde\/\" \/>\n<meta property=\"og:site_name\" content=\"Salago\" \/>\n<meta property=\"article:published_time\" content=\"2026-08-29T12:32:07+00:00\" \/>\n<meta property=\"article:modified_time\" content=\"2026-08-29T12:41:07+00:00\" \/>\n<meta property=\"og:image\" content=\"https:\/\/salago.design\/wp-content\/uploads\/2026\/08\/salago-branding-climate-tech-prima-verde-2026-es.png\" \/>\n\t<meta property=\"og:image:width\" content=\"1200\" \/>\n\t<meta property=\"og:image:height\" content=\"630\" \/>\n\t<meta property=\"og:image:type\" content=\"image\/png\" \/>\n<meta name=\"author\" content=\"Cristian Salazar\" \/>\n<meta name=\"twitter:card\" content=\"summary_large_image\" \/>\n<meta name=\"twitter:label1\" content=\"Escrito por\" \/>\n\t<meta name=\"twitter:data1\" content=\"Cristian Salazar\" \/>\n<script type=\"application\/ld+json\" class=\"yoast-schema-graph\">{\"@context\":\"https:\\\/\\\/schema.org\",\"@graph\":[{\"@type\":\"Article\",\"@id\":\"https:\\\/\\\/salago.design\\\/es\\\/blog\\\/branding-climate-tech-prima-verde\\\/#article\",\"isPartOf\":{\"@id\":\"https:\\\/\\\/salago.design\\\/es\\\/blog\\\/branding-climate-tech-prima-verde\\\/\"},\"author\":{\"name\":\"Cristian Salazar\",\"@id\":\"https:\\\/\\\/salago.design\\\/es\\\/#\\\/schema\\\/person\\\/1d178dde771050ceaa76f2d20554bafd\"},\"headline\":\"Branding para climate tech cuando nadie paga la prima verde\",\"datePublished\":\"2026-08-29T12:32:07+00:00\",\"dateModified\":\"2026-08-29T12:41:07+00:00\",\"mainEntityOfPage\":{\"@id\":\"https:\\\/\\\/salago.design\\\/es\\\/blog\\\/branding-climate-tech-prima-verde\\\/\"},\"wordCount\":3370,\"publisher\":{\"@id\":\"https:\\\/\\\/salago.design\\\/es\\\/#organization\"},\"image\":{\"@id\":\"https:\\\/\\\/salago.design\\\/es\\\/blog\\\/branding-climate-tech-prima-verde\\\/#primaryimage\"},\"thumbnailUrl\":\"https:\\\/\\\/salago.design\\\/wp-content\\\/uploads\\\/2026\\\/08\\\/salago-branding-climate-tech-prima-verde-2026-es.png\",\"articleSection\":[\"Estrategia de branding\"],\"inLanguage\":\"es\"},{\"@type\":[\"WebPage\",\"FAQPage\"],\"@id\":\"https:\\\/\\\/salago.design\\\/es\\\/blog\\\/branding-climate-tech-prima-verde\\\/\",\"url\":\"https:\\\/\\\/salago.design\\\/es\\\/blog\\\/branding-climate-tech-prima-verde\\\/\",\"name\":\"Branding para climate tech cuando nadie paga la prima verde\",\"isPartOf\":{\"@id\":\"https:\\\/\\\/salago.design\\\/es\\\/#website\"},\"primaryImageOfPage\":{\"@id\":\"https:\\\/\\\/salago.design\\\/es\\\/blog\\\/branding-climate-tech-prima-verde\\\/#primaryimage\"},\"image\":{\"@id\":\"https:\\\/\\\/salago.design\\\/es\\\/blog\\\/branding-climate-tech-prima-verde\\\/#primaryimage\"},\"thumbnailUrl\":\"https:\\\/\\\/salago.design\\\/wp-content\\\/uploads\\\/2026\\\/08\\\/salago-branding-climate-tech-prima-verde-2026-es.png\",\"datePublished\":\"2026-08-29T12:32:07+00:00\",\"dateModified\":\"2026-08-29T12:41:07+00:00\",\"description\":\"La inversi\u00f3n en climate tech subi\u00f3 un 8% con un 18% menos de operaciones y los compradores siguen sin pagar la prima verde. Qu\u00e9 cambiar en tu marca.\",\"breadcrumb\":{\"@id\":\"https:\\\/\\\/salago.design\\\/es\\\/blog\\\/branding-climate-tech-prima-verde\\\/#breadcrumb\"},\"mainEntity\":[{\"@id\":\"https:\\\/\\\/salago.design\\\/es\\\/blog\\\/branding-climate-tech-prima-verde\\\/#faq-question-12221001\"},{\"@id\":\"https:\\\/\\\/salago.design\\\/es\\\/blog\\\/branding-climate-tech-prima-verde\\\/#faq-question-12221002\"},{\"@id\":\"https:\\\/\\\/salago.design\\\/es\\\/blog\\\/branding-climate-tech-prima-verde\\\/#faq-question-12221003\"},{\"@id\":\"https:\\\/\\\/salago.design\\\/es\\\/blog\\\/branding-climate-tech-prima-verde\\\/#faq-question-12221004\"},{\"@id\":\"https:\\\/\\\/salago.design\\\/es\\\/blog\\\/branding-climate-tech-prima-verde\\\/#faq-question-12221005\"},{\"@id\":\"https:\\\/\\\/salago.design\\\/es\\\/blog\\\/branding-climate-tech-prima-verde\\\/#faq-question-12221006\"},{\"@id\":\"https:\\\/\\\/salago.design\\\/es\\\/blog\\\/branding-climate-tech-prima-verde\\\/#faq-question-12221007\"},{\"@id\":\"https:\\\/\\\/salago.design\\\/es\\\/blog\\\/branding-climate-tech-prima-verde\\\/#faq-question-12221008\"},{\"@id\":\"https:\\\/\\\/salago.design\\\/es\\\/blog\\\/branding-climate-tech-prima-verde\\\/#faq-question-12221009\"}],\"inLanguage\":\"es\",\"potentialAction\":[{\"@type\":\"ReadAction\",\"target\":[\"https:\\\/\\\/salago.design\\\/es\\\/blog\\\/branding-climate-tech-prima-verde\\\/\"]}]},{\"@type\":\"ImageObject\",\"inLanguage\":\"es\",\"@id\":\"https:\\\/\\\/salago.design\\\/es\\\/blog\\\/branding-climate-tech-prima-verde\\\/#primaryimage\",\"url\":\"https:\\\/\\\/salago.design\\\/wp-content\\\/uploads\\\/2026\\\/08\\\/salago-branding-climate-tech-prima-verde-2026-es.png\",\"contentUrl\":\"https:\\\/\\\/salago.design\\\/wp-content\\\/uploads\\\/2026\\\/08\\\/salago-branding-climate-tech-prima-verde-2026-es.png\",\"width\":1200,\"height\":630,\"caption\":\"Fuentes: revisi\u00f3n anual 2025 de Sightline Climate (CTVC) y Trellis, 2026.\"},{\"@type\":\"BreadcrumbList\",\"@id\":\"https:\\\/\\\/salago.design\\\/es\\\/blog\\\/branding-climate-tech-prima-verde\\\/#breadcrumb\",\"itemListElement\":[{\"@type\":\"ListItem\",\"position\":1,\"name\":\"Portada\",\"item\":\"https:\\\/\\\/salago.design\\\/es\\\/\"},{\"@type\":\"ListItem\",\"position\":2,\"name\":\"Branding para climate tech cuando nadie paga la prima verde\"}]},{\"@type\":\"WebSite\",\"@id\":\"https:\\\/\\\/salago.design\\\/es\\\/#website\",\"url\":\"https:\\\/\\\/salago.design\\\/es\\\/\",\"name\":\"Salago Creative\",\"description\":\"\",\"publisher\":{\"@id\":\"https:\\\/\\\/salago.design\\\/es\\\/#organization\"},\"potentialAction\":[{\"@type\":\"SearchAction\",\"target\":{\"@type\":\"EntryPoint\",\"urlTemplate\":\"https:\\\/\\\/salago.design\\\/es\\\/?s={search_term_string}\"},\"query-input\":{\"@type\":\"PropertyValueSpecification\",\"valueRequired\":true,\"valueName\":\"search_term_string\"}}],\"inLanguage\":\"es\"},{\"@type\":\"Organization\",\"@id\":\"https:\\\/\\\/salago.design\\\/es\\\/#organization\",\"name\":\"Salago\",\"alternateName\":\"Salago Design\",\"url\":\"https:\\\/\\\/salago.design\\\/es\\\/\",\"logo\":{\"@type\":\"ImageObject\",\"inLanguage\":\"es\",\"@id\":\"https:\\\/\\\/salago.design\\\/es\\\/#\\\/schema\\\/logo\\\/image\\\/\",\"url\":\"https:\\\/\\\/salago.design\\\/wp-content\\\/uploads\\\/2026\\\/03\\\/salago.png\",\"contentUrl\":\"https:\\\/\\\/salago.design\\\/wp-content\\\/uploads\\\/2026\\\/03\\\/salago.png\",\"width\":1164,\"height\":460,\"caption\":\"Salago\"},\"image\":{\"@id\":\"https:\\\/\\\/salago.design\\\/es\\\/#\\\/schema\\\/logo\\\/image\\\/\"},\"sameAs\":[\"https:\\\/\\\/www.instagram.com\\\/salago.design\",\"https:\\\/\\\/www.linkedin.com\\\/company\\\/salago-design\"]},{\"@type\":\"Person\",\"@id\":\"https:\\\/\\\/salago.design\\\/es\\\/#\\\/schema\\\/person\\\/1d178dde771050ceaa76f2d20554bafd\",\"name\":\"Cristian Salazar\",\"image\":{\"@type\":\"ImageObject\",\"inLanguage\":\"es\",\"@id\":\"https:\\\/\\\/secure.gravatar.com\\\/avatar\\\/e4aa95092c35970e611df14052a1f14eb48868bd14c5df2fcd6fba250faaa687?s=96&d=mm&r=g\",\"url\":\"https:\\\/\\\/secure.gravatar.com\\\/avatar\\\/e4aa95092c35970e611df14052a1f14eb48868bd14c5df2fcd6fba250faaa687?s=96&d=mm&r=g\",\"contentUrl\":\"https:\\\/\\\/secure.gravatar.com\\\/avatar\\\/e4aa95092c35970e611df14052a1f14eb48868bd14c5df2fcd6fba250faaa687?s=96&d=mm&r=g\",\"caption\":\"Cristian Salazar\"},\"description\":\"Brand design and strategy are key to competing in today's constantly evolving environment. I work with CEOs, founders, and CMOs to transform complexity into clarity and that clarity into real growth. For over 10 years, I've led Salago, a strategic design studio in Madrid, working on projects for startups, scaleups, and global institutions. My approach combines creative direction, branding, and strategic thinking to build brands that inspire trust, align teams, and generate impact.\",\"sameAs\":[\"https:\\\/\\\/www.instagram.com\\\/cris_salago\\\/\",\"https:\\\/\\\/www.linkedin.com\\\/in\\\/cristiansalazargomez\\\/\"],\"url\":\"https:\\\/\\\/salago.design\\\/es\\\/blog\\\/author\\\/cristian-salazar\\\/\"},{\"@type\":\"Question\",\"@id\":\"https:\\\/\\\/salago.design\\\/es\\\/blog\\\/branding-climate-tech-prima-verde\\\/#faq-question-12221001\",\"position\":1,\"url\":\"https:\\\/\\\/salago.design\\\/es\\\/blog\\\/branding-climate-tech-prima-verde\\\/#faq-question-12221001\",\"name\":\"\u00bfQu\u00e9 es el branding para climate tech?\",\"answerCount\":1,\"acceptedAnswer\":{\"@type\":\"Answer\",\"text\":\"El branding para climate tech es el trabajo de hacer que una tecnolog\u00eda clim\u00e1tica o energ\u00e9tica resulte legible y cre\u00edble para quienes deciden comprarla, financiarla o aprobarla. En la pr\u00e1ctica eso significa nombrar qu\u00e9 sustituye la tecnolog\u00eda, ponerle un n\u00famero comprobable a la comparaci\u00f3n y separar las rutas para inversores, compras y cumplimiento. No es narrativa ambiental, y en 2026 cada vez menos es vocabulario ambiental.\",\"inLanguage\":\"es\"},\"inLanguage\":\"es\"},{\"@type\":\"Question\",\"@id\":\"https:\\\/\\\/salago.design\\\/es\\\/blog\\\/branding-climate-tech-prima-verde\\\/#faq-question-12221002\",\"position\":2,\"url\":\"https:\\\/\\\/salago.design\\\/es\\\/blog\\\/branding-climate-tech-prima-verde\\\/#faq-question-12221002\",\"name\":\"\u00bfUna empresa de climate tech deber\u00eda dejar de hablar de clima?\",\"answerCount\":1,\"acceptedAnswer\":{\"@type\":\"Answer\",\"text\":\"No, pero deber\u00eda dejar de abrir con eso. La misi\u00f3n es lo que atrae talento, lo que sostiene un retorno m\u00e1s largo y lo que crea aliados internos en el cliente, as\u00ed que quitarla cuesta un activo real. Lo que no hace es cerrar una venta, porque un comprador industrial firma por coste, continuidad y riesgo. La estructura que funciona es abrir con la sustituci\u00f3n y mantener la misi\u00f3n en la misma frase: qu\u00e9 reemplazas, a qu\u00e9 coste y qu\u00e9 elimina eso.\",\"inLanguage\":\"es\"},\"inLanguage\":\"es\"},{\"@type\":\"Question\",\"@id\":\"https:\\\/\\\/salago.design\\\/es\\\/blog\\\/branding-climate-tech-prima-verde\\\/#faq-question-12221003\",\"position\":3,\"url\":\"https:\\\/\\\/salago.design\\\/es\\\/blog\\\/branding-climate-tech-prima-verde\\\/#faq-question-12221003\",\"name\":\"\u00bfPor qu\u00e9 subi\u00f3 la financiaci\u00f3n de climate tech mientras ca\u00eda el n\u00famero de operaciones?\",\"answerCount\":1,\"acceptedAnswer\":{\"@type\":\"Answer\",\"text\":\"Porque el capital se concentr\u00f3. En 2025 el climate tech capt\u00f3 40.500 millones de d\u00f3lares en capital riesgo y crecimiento, un 8% m\u00e1s que en 2024, pero repartidos en 1.545 operaciones: un 18% menos y la cifra m\u00e1s baja desde 2020. La etapa de crecimiento subi\u00f3 un 78% mientras la semilla ca\u00eda un 20% y el n\u00famero de operaciones de Serie A ca\u00eda un 22%. M\u00e1s dinero lleg\u00f3 a menos empresas y m\u00e1s maduras, lo que sube el list\u00f3n de cu\u00e1nto tarda una empresa en leerse como infraestructura en lugar de como promesa.\",\"inLanguage\":\"es\"},\"inLanguage\":\"es\"},{\"@type\":\"Question\",\"@id\":\"https:\\\/\\\/salago.design\\\/es\\\/blog\\\/branding-climate-tech-prima-verde\\\/#faq-question-12221004\",\"position\":4,\"url\":\"https:\\\/\\\/salago.design\\\/es\\\/blog\\\/branding-climate-tech-prima-verde\\\/#faq-question-12221004\",\"name\":\"\u00bfVan a pagar los compradores industriales una prima por productos de menor huella?\",\"answerCount\":1,\"acceptedAnswer\":{\"@type\":\"Answer\",\"text\":\"En su mayor\u00eda no, seg\u00fan la evidencia disponible. En una encuesta de Fastmarkets de 2024 a 23 consumidores europeos de acero, solo alrededor del 20% pagar\u00eda m\u00e1s de 75 d\u00f3lares por tonelada por acero de menor huella y ninguno pagar\u00eda m\u00e1s de 330. El acero verde certificado es aproximadamente una cuarta parte del uno por ciento de la producci\u00f3n mundial. En Estados Unidos no hay prima reconocida desde mayo de 2024. Donde s\u00ed hay demanda en Europa, los analistas la atribuyen a la regulaci\u00f3n, como el CBAM, y no a una disposici\u00f3n voluntaria a pagar.\",\"inLanguage\":\"es\"},\"inLanguage\":\"es\"},{\"@type\":\"Question\",\"@id\":\"https:\\\/\\\/salago.design\\\/es\\\/blog\\\/branding-climate-tech-prima-verde\\\/#faq-question-12221005\",\"position\":5,\"url\":\"https:\\\/\\\/salago.design\\\/es\\\/blog\\\/branding-climate-tech-prima-verde\\\/#faq-question-12221005\",\"name\":\"\u00bfQu\u00e9 cambia el 27 de septiembre de 2026 para las webs de climate tech?\",\"answerCount\":1,\"acceptedAnswer\":{\"@type\":\"Answer\",\"text\":\"La Directiva (UE) 2024\\\/825 pasa a aplicarse en toda la Uni\u00f3n Europea sin periodo transitorio, y proh\u00edbe varias familias de afirmaci\u00f3n ambiental hoy habituales: t\u00e9rminos gen\u00e9ricos como respetuoso con el medio ambiente o clim\u00e1ticamente neutro sin prueba, las afirmaciones de neutralidad en carbono basadas en compensaci\u00f3n, y los compromisos de desempe\u00f1o ambiental futuro sin verificar. Las sanciones se fijan en un m\u00ednimo del 4% de la facturaci\u00f3n en el Estado miembro afectado, o al menos 2 millones de euros cuando no haya cifra de facturaci\u00f3n disponible. Esto es informaci\u00f3n general, no asesoramiento legal.\",\"inLanguage\":\"es\"},\"inLanguage\":\"es\"},{\"@type\":\"Question\",\"@id\":\"https:\\\/\\\/salago.design\\\/es\\\/blog\\\/branding-climate-tech-prima-verde\\\/#faq-question-12221006\",\"position\":6,\"url\":\"https:\\\/\\\/salago.design\\\/es\\\/blog\\\/branding-climate-tech-prima-verde\\\/#faq-question-12221006\",\"name\":\"\u00bfQu\u00e9 debe decir la portada de una empresa de climate tech?\",\"answerCount\":1,\"acceptedAnswer\":{\"@type\":\"Answer\",\"text\":\"Debe nombrar la sustituci\u00f3n y ponerle un n\u00famero. Quien entra tendr\u00eda que poder responder tres preguntas sin hacer scroll: qu\u00e9 deja de comprar un cliente cuando empieza a comprarte, qu\u00e9 le cuesta o le ahorra eso en su propia m\u00e9trica, y qui\u00e9n lo ha hecho ya. Las frases de categor\u00eda del tipo descarbonizamos la industria pesada suspenden esta prueba porque no le dan al lector nada que hacer a continuaci\u00f3n.\",\"inLanguage\":\"es\"},\"inLanguage\":\"es\"},{\"@type\":\"Question\",\"@id\":\"https:\\\/\\\/salago.design\\\/es\\\/blog\\\/branding-climate-tech-prima-verde\\\/#faq-question-12221007\",\"position\":7,\"url\":\"https:\\\/\\\/salago.design\\\/es\\\/blog\\\/branding-climate-tech-prima-verde\\\/#faq-question-12221007\",\"name\":\"\u00bfCu\u00e1nto cuesta el branding de una empresa de climate tech?\",\"answerCount\":1,\"acceptedAnswer\":{\"@type\":\"Answer\",\"text\":\"El rango realista es el mismo que el de otro B2B t\u00e9cnico: un Brand Audit de 2.500 \u20ac en tres a cinco d\u00edas, Clarity por 5.000 \u20ac cerrados en dos o tres semanas, una Identity desde 15.000 \u20ac en seis a ocho semanas y un System completo desde 35.000 \u20ac en tres o cuatro meses. Lo que cambia en climate tech es la secuencia y no el precio, porque la capa de afirmaciones tiene ahora una fecha l\u00edmite legal encima.\",\"inLanguage\":\"es\"},\"inLanguage\":\"es\"},{\"@type\":\"Question\",\"@id\":\"https:\\\/\\\/salago.design\\\/es\\\/blog\\\/branding-climate-tech-prima-verde\\\/#faq-question-12221008\",\"position\":8,\"url\":\"https:\\\/\\\/salago.design\\\/es\\\/blog\\\/branding-climate-tech-prima-verde\\\/#faq-question-12221008\",\"name\":\"\u00bfCu\u00e1nto tarda un rebranding de climate tech?\",\"answerCount\":1,\"acceptedAnswer\":{\"@type\":\"Answer\",\"text\":\"Entre tres semanas y cuatro meses seg\u00fan el alcance. El argumento en s\u00ed, es decir la frase de categor\u00eda, la estructura de prueba y las rutas por p\u00fablico, se resuelve en dos o tres semanas. Una identidad completa lleva de seis a ocho semanas y un sistema completo con entrega digital lleva de tres a cuatro meses. Si lo que te empuja es la fecha de septiembre de 2026, empieza por la auditor\u00eda y el argumento, que es donde est\u00e1 la exposici\u00f3n.\",\"inLanguage\":\"es\"},\"inLanguage\":\"es\"},{\"@type\":\"Question\",\"@id\":\"https:\\\/\\\/salago.design\\\/es\\\/blog\\\/branding-climate-tech-prima-verde\\\/#faq-question-12221009\",\"position\":9,\"url\":\"https:\\\/\\\/salago.design\\\/es\\\/blog\\\/branding-climate-tech-prima-verde\\\/#faq-question-12221009\",\"name\":\"\u00bfEs distinto el branding de climate tech del de cleantech o greentech?\",\"answerCount\":1,\"acceptedAnswer\":{\"@type\":\"Answer\",\"text\":\"Los t\u00e9rminos describen mercados que se solapan, pero llevan detr\u00e1s alcances de medici\u00f3n distintos, y eso importa al citar cifras. En el primer trimestre de 2026 PitchBook cont\u00f3 6.600 millones de d\u00f3lares de capital riesgo en climate tech repartidos en 191 operaciones en Europa incluyendo Reino Unido, mientras Cleantech for Europe cont\u00f3 1.300 millones de euros en 62 operaciones en la UE-27 sin deuda. Ninguna de las dos est\u00e1 mal. Antes de citar un tama\u00f1o de mercado, comprueba qu\u00e9 definici\u00f3n, qu\u00e9 geograf\u00eda y si incluye deuda.\",\"inLanguage\":\"es\"},\"inLanguage\":\"es\"}]}<\/script>\n<!-- \/ Yoast SEO plugin. -->","yoast_head_json":{"title":"Branding para climate tech cuando nadie paga la prima verde","description":"La inversi\u00f3n en climate tech subi\u00f3 un 8% con un 18% menos de operaciones y los compradores siguen sin pagar la prima verde. Qu\u00e9 cambiar en tu marca.","robots":{"index":"index","follow":"follow","max-snippet":"max-snippet:-1","max-image-preview":"max-image-preview:large","max-video-preview":"max-video-preview:-1"},"canonical":"https:\/\/salago.design\/es\/blog\/branding-climate-tech-prima-verde\/","og_locale":"es_ES","og_type":"article","og_title":"Branding para climate tech cuando nadie paga la prima verde","og_description":"La inversi\u00f3n en climate tech subi\u00f3 un 8% con un 18% menos de operaciones y los compradores siguen sin pagar la prima verde. Qu\u00e9 cambiar en tu marca.","og_url":"https:\/\/salago.design\/es\/blog\/branding-climate-tech-prima-verde\/","og_site_name":"Salago","article_published_time":"2026-08-29T12:32:07+00:00","article_modified_time":"2026-08-29T12:41:07+00:00","og_image":[{"width":1200,"height":630,"url":"https:\/\/salago.design\/wp-content\/uploads\/2026\/08\/salago-branding-climate-tech-prima-verde-2026-es.png","type":"image\/png"}],"author":"Cristian Salazar","twitter_card":"summary_large_image","twitter_misc":{"Escrito por":"Cristian Salazar"},"schema":{"@context":"https:\/\/schema.org","@graph":[{"@type":"Article","@id":"https:\/\/salago.design\/es\/blog\/branding-climate-tech-prima-verde\/#article","isPartOf":{"@id":"https:\/\/salago.design\/es\/blog\/branding-climate-tech-prima-verde\/"},"author":{"name":"Cristian Salazar","@id":"https:\/\/salago.design\/es\/#\/schema\/person\/1d178dde771050ceaa76f2d20554bafd"},"headline":"Branding para climate tech cuando nadie paga la prima verde","datePublished":"2026-08-29T12:32:07+00:00","dateModified":"2026-08-29T12:41:07+00:00","mainEntityOfPage":{"@id":"https:\/\/salago.design\/es\/blog\/branding-climate-tech-prima-verde\/"},"wordCount":3370,"publisher":{"@id":"https:\/\/salago.design\/es\/#organization"},"image":{"@id":"https:\/\/salago.design\/es\/blog\/branding-climate-tech-prima-verde\/#primaryimage"},"thumbnailUrl":"https:\/\/salago.design\/wp-content\/uploads\/2026\/08\/salago-branding-climate-tech-prima-verde-2026-es.png","articleSection":["Estrategia de branding"],"inLanguage":"es"},{"@type":["WebPage","FAQPage"],"@id":"https:\/\/salago.design\/es\/blog\/branding-climate-tech-prima-verde\/","url":"https:\/\/salago.design\/es\/blog\/branding-climate-tech-prima-verde\/","name":"Branding para climate tech cuando nadie paga la prima verde","isPartOf":{"@id":"https:\/\/salago.design\/es\/#website"},"primaryImageOfPage":{"@id":"https:\/\/salago.design\/es\/blog\/branding-climate-tech-prima-verde\/#primaryimage"},"image":{"@id":"https:\/\/salago.design\/es\/blog\/branding-climate-tech-prima-verde\/#primaryimage"},"thumbnailUrl":"https:\/\/salago.design\/wp-content\/uploads\/2026\/08\/salago-branding-climate-tech-prima-verde-2026-es.png","datePublished":"2026-08-29T12:32:07+00:00","dateModified":"2026-08-29T12:41:07+00:00","description":"La inversi\u00f3n en climate tech subi\u00f3 un 8% con un 18% menos de operaciones y los compradores siguen sin pagar la prima verde. Qu\u00e9 cambiar en tu marca.","breadcrumb":{"@id":"https:\/\/salago.design\/es\/blog\/branding-climate-tech-prima-verde\/#breadcrumb"},"mainEntity":[{"@id":"https:\/\/salago.design\/es\/blog\/branding-climate-tech-prima-verde\/#faq-question-12221001"},{"@id":"https:\/\/salago.design\/es\/blog\/branding-climate-tech-prima-verde\/#faq-question-12221002"},{"@id":"https:\/\/salago.design\/es\/blog\/branding-climate-tech-prima-verde\/#faq-question-12221003"},{"@id":"https:\/\/salago.design\/es\/blog\/branding-climate-tech-prima-verde\/#faq-question-12221004"},{"@id":"https:\/\/salago.design\/es\/blog\/branding-climate-tech-prima-verde\/#faq-question-12221005"},{"@id":"https:\/\/salago.design\/es\/blog\/branding-climate-tech-prima-verde\/#faq-question-12221006"},{"@id":"https:\/\/salago.design\/es\/blog\/branding-climate-tech-prima-verde\/#faq-question-12221007"},{"@id":"https:\/\/salago.design\/es\/blog\/branding-climate-tech-prima-verde\/#faq-question-12221008"},{"@id":"https:\/\/salago.design\/es\/blog\/branding-climate-tech-prima-verde\/#faq-question-12221009"}],"inLanguage":"es","potentialAction":[{"@type":"ReadAction","target":["https:\/\/salago.design\/es\/blog\/branding-climate-tech-prima-verde\/"]}]},{"@type":"ImageObject","inLanguage":"es","@id":"https:\/\/salago.design\/es\/blog\/branding-climate-tech-prima-verde\/#primaryimage","url":"https:\/\/salago.design\/wp-content\/uploads\/2026\/08\/salago-branding-climate-tech-prima-verde-2026-es.png","contentUrl":"https:\/\/salago.design\/wp-content\/uploads\/2026\/08\/salago-branding-climate-tech-prima-verde-2026-es.png","width":1200,"height":630,"caption":"Fuentes: revisi\u00f3n anual 2025 de Sightline Climate (CTVC) y Trellis, 2026."},{"@type":"BreadcrumbList","@id":"https:\/\/salago.design\/es\/blog\/branding-climate-tech-prima-verde\/#breadcrumb","itemListElement":[{"@type":"ListItem","position":1,"name":"Portada","item":"https:\/\/salago.design\/es\/"},{"@type":"ListItem","position":2,"name":"Branding para climate tech cuando nadie paga la prima verde"}]},{"@type":"WebSite","@id":"https:\/\/salago.design\/es\/#website","url":"https:\/\/salago.design\/es\/","name":"Salago Creative","description":"","publisher":{"@id":"https:\/\/salago.design\/es\/#organization"},"potentialAction":[{"@type":"SearchAction","target":{"@type":"EntryPoint","urlTemplate":"https:\/\/salago.design\/es\/?s={search_term_string}"},"query-input":{"@type":"PropertyValueSpecification","valueRequired":true,"valueName":"search_term_string"}}],"inLanguage":"es"},{"@type":"Organization","@id":"https:\/\/salago.design\/es\/#organization","name":"Salago","alternateName":"Salago Design","url":"https:\/\/salago.design\/es\/","logo":{"@type":"ImageObject","inLanguage":"es","@id":"https:\/\/salago.design\/es\/#\/schema\/logo\/image\/","url":"https:\/\/salago.design\/wp-content\/uploads\/2026\/03\/salago.png","contentUrl":"https:\/\/salago.design\/wp-content\/uploads\/2026\/03\/salago.png","width":1164,"height":460,"caption":"Salago"},"image":{"@id":"https:\/\/salago.design\/es\/#\/schema\/logo\/image\/"},"sameAs":["https:\/\/www.instagram.com\/salago.design","https:\/\/www.linkedin.com\/company\/salago-design"]},{"@type":"Person","@id":"https:\/\/salago.design\/es\/#\/schema\/person\/1d178dde771050ceaa76f2d20554bafd","name":"Cristian Salazar","image":{"@type":"ImageObject","inLanguage":"es","@id":"https:\/\/secure.gravatar.com\/avatar\/e4aa95092c35970e611df14052a1f14eb48868bd14c5df2fcd6fba250faaa687?s=96&d=mm&r=g","url":"https:\/\/secure.gravatar.com\/avatar\/e4aa95092c35970e611df14052a1f14eb48868bd14c5df2fcd6fba250faaa687?s=96&d=mm&r=g","contentUrl":"https:\/\/secure.gravatar.com\/avatar\/e4aa95092c35970e611df14052a1f14eb48868bd14c5df2fcd6fba250faaa687?s=96&d=mm&r=g","caption":"Cristian Salazar"},"description":"Brand design and strategy are key to competing in today's constantly evolving environment. I work with CEOs, founders, and CMOs to transform complexity into clarity and that clarity into real growth. For over 10 years, I've led Salago, a strategic design studio in Madrid, working on projects for startups, scaleups, and global institutions. My approach combines creative direction, branding, and strategic thinking to build brands that inspire trust, align teams, and generate impact.","sameAs":["https:\/\/www.instagram.com\/cris_salago\/","https:\/\/www.linkedin.com\/in\/cristiansalazargomez\/"],"url":"https:\/\/salago.design\/es\/blog\/author\/cristian-salazar\/"},{"@type":"Question","@id":"https:\/\/salago.design\/es\/blog\/branding-climate-tech-prima-verde\/#faq-question-12221001","position":1,"url":"https:\/\/salago.design\/es\/blog\/branding-climate-tech-prima-verde\/#faq-question-12221001","name":"\u00bfQu\u00e9 es el branding para climate tech?","answerCount":1,"acceptedAnswer":{"@type":"Answer","text":"El branding para climate tech es el trabajo de hacer que una tecnolog\u00eda clim\u00e1tica o energ\u00e9tica resulte legible y cre\u00edble para quienes deciden comprarla, financiarla o aprobarla. En la pr\u00e1ctica eso significa nombrar qu\u00e9 sustituye la tecnolog\u00eda, ponerle un n\u00famero comprobable a la comparaci\u00f3n y separar las rutas para inversores, compras y cumplimiento. No es narrativa ambiental, y en 2026 cada vez menos es vocabulario ambiental.","inLanguage":"es"},"inLanguage":"es"},{"@type":"Question","@id":"https:\/\/salago.design\/es\/blog\/branding-climate-tech-prima-verde\/#faq-question-12221002","position":2,"url":"https:\/\/salago.design\/es\/blog\/branding-climate-tech-prima-verde\/#faq-question-12221002","name":"\u00bfUna empresa de climate tech deber\u00eda dejar de hablar de clima?","answerCount":1,"acceptedAnswer":{"@type":"Answer","text":"No, pero deber\u00eda dejar de abrir con eso. La misi\u00f3n es lo que atrae talento, lo que sostiene un retorno m\u00e1s largo y lo que crea aliados internos en el cliente, as\u00ed que quitarla cuesta un activo real. Lo que no hace es cerrar una venta, porque un comprador industrial firma por coste, continuidad y riesgo. La estructura que funciona es abrir con la sustituci\u00f3n y mantener la misi\u00f3n en la misma frase: qu\u00e9 reemplazas, a qu\u00e9 coste y qu\u00e9 elimina eso.","inLanguage":"es"},"inLanguage":"es"},{"@type":"Question","@id":"https:\/\/salago.design\/es\/blog\/branding-climate-tech-prima-verde\/#faq-question-12221003","position":3,"url":"https:\/\/salago.design\/es\/blog\/branding-climate-tech-prima-verde\/#faq-question-12221003","name":"\u00bfPor qu\u00e9 subi\u00f3 la financiaci\u00f3n de climate tech mientras ca\u00eda el n\u00famero de operaciones?","answerCount":1,"acceptedAnswer":{"@type":"Answer","text":"Porque el capital se concentr\u00f3. En 2025 el climate tech capt\u00f3 40.500 millones de d\u00f3lares en capital riesgo y crecimiento, un 8% m\u00e1s que en 2024, pero repartidos en 1.545 operaciones: un 18% menos y la cifra m\u00e1s baja desde 2020. La etapa de crecimiento subi\u00f3 un 78% mientras la semilla ca\u00eda un 20% y el n\u00famero de operaciones de Serie A ca\u00eda un 22%. M\u00e1s dinero lleg\u00f3 a menos empresas y m\u00e1s maduras, lo que sube el list\u00f3n de cu\u00e1nto tarda una empresa en leerse como infraestructura en lugar de como promesa.","inLanguage":"es"},"inLanguage":"es"},{"@type":"Question","@id":"https:\/\/salago.design\/es\/blog\/branding-climate-tech-prima-verde\/#faq-question-12221004","position":4,"url":"https:\/\/salago.design\/es\/blog\/branding-climate-tech-prima-verde\/#faq-question-12221004","name":"\u00bfVan a pagar los compradores industriales una prima por productos de menor huella?","answerCount":1,"acceptedAnswer":{"@type":"Answer","text":"En su mayor\u00eda no, seg\u00fan la evidencia disponible. En una encuesta de Fastmarkets de 2024 a 23 consumidores europeos de acero, solo alrededor del 20% pagar\u00eda m\u00e1s de 75 d\u00f3lares por tonelada por acero de menor huella y ninguno pagar\u00eda m\u00e1s de 330. El acero verde certificado es aproximadamente una cuarta parte del uno por ciento de la producci\u00f3n mundial. En Estados Unidos no hay prima reconocida desde mayo de 2024. Donde s\u00ed hay demanda en Europa, los analistas la atribuyen a la regulaci\u00f3n, como el CBAM, y no a una disposici\u00f3n voluntaria a pagar.","inLanguage":"es"},"inLanguage":"es"},{"@type":"Question","@id":"https:\/\/salago.design\/es\/blog\/branding-climate-tech-prima-verde\/#faq-question-12221005","position":5,"url":"https:\/\/salago.design\/es\/blog\/branding-climate-tech-prima-verde\/#faq-question-12221005","name":"\u00bfQu\u00e9 cambia el 27 de septiembre de 2026 para las webs de climate tech?","answerCount":1,"acceptedAnswer":{"@type":"Answer","text":"La Directiva (UE) 2024\/825 pasa a aplicarse en toda la Uni\u00f3n Europea sin periodo transitorio, y proh\u00edbe varias familias de afirmaci\u00f3n ambiental hoy habituales: t\u00e9rminos gen\u00e9ricos como respetuoso con el medio ambiente o clim\u00e1ticamente neutro sin prueba, las afirmaciones de neutralidad en carbono basadas en compensaci\u00f3n, y los compromisos de desempe\u00f1o ambiental futuro sin verificar. Las sanciones se fijan en un m\u00ednimo del 4% de la facturaci\u00f3n en el Estado miembro afectado, o al menos 2 millones de euros cuando no haya cifra de facturaci\u00f3n disponible. Esto es informaci\u00f3n general, no asesoramiento legal.","inLanguage":"es"},"inLanguage":"es"},{"@type":"Question","@id":"https:\/\/salago.design\/es\/blog\/branding-climate-tech-prima-verde\/#faq-question-12221006","position":6,"url":"https:\/\/salago.design\/es\/blog\/branding-climate-tech-prima-verde\/#faq-question-12221006","name":"\u00bfQu\u00e9 debe decir la portada de una empresa de climate tech?","answerCount":1,"acceptedAnswer":{"@type":"Answer","text":"Debe nombrar la sustituci\u00f3n y ponerle un n\u00famero. Quien entra tendr\u00eda que poder responder tres preguntas sin hacer scroll: qu\u00e9 deja de comprar un cliente cuando empieza a comprarte, qu\u00e9 le cuesta o le ahorra eso en su propia m\u00e9trica, y qui\u00e9n lo ha hecho ya. Las frases de categor\u00eda del tipo descarbonizamos la industria pesada suspenden esta prueba porque no le dan al lector nada que hacer a continuaci\u00f3n.","inLanguage":"es"},"inLanguage":"es"},{"@type":"Question","@id":"https:\/\/salago.design\/es\/blog\/branding-climate-tech-prima-verde\/#faq-question-12221007","position":7,"url":"https:\/\/salago.design\/es\/blog\/branding-climate-tech-prima-verde\/#faq-question-12221007","name":"\u00bfCu\u00e1nto cuesta el branding de una empresa de climate tech?","answerCount":1,"acceptedAnswer":{"@type":"Answer","text":"El rango realista es el mismo que el de otro B2B t\u00e9cnico: un Brand Audit de 2.500 \u20ac en tres a cinco d\u00edas, Clarity por 5.000 \u20ac cerrados en dos o tres semanas, una Identity desde 15.000 \u20ac en seis a ocho semanas y un System completo desde 35.000 \u20ac en tres o cuatro meses. Lo que cambia en climate tech es la secuencia y no el precio, porque la capa de afirmaciones tiene ahora una fecha l\u00edmite legal encima.","inLanguage":"es"},"inLanguage":"es"},{"@type":"Question","@id":"https:\/\/salago.design\/es\/blog\/branding-climate-tech-prima-verde\/#faq-question-12221008","position":8,"url":"https:\/\/salago.design\/es\/blog\/branding-climate-tech-prima-verde\/#faq-question-12221008","name":"\u00bfCu\u00e1nto tarda un rebranding de climate tech?","answerCount":1,"acceptedAnswer":{"@type":"Answer","text":"Entre tres semanas y cuatro meses seg\u00fan el alcance. El argumento en s\u00ed, es decir la frase de categor\u00eda, la estructura de prueba y las rutas por p\u00fablico, se resuelve en dos o tres semanas. Una identidad completa lleva de seis a ocho semanas y un sistema completo con entrega digital lleva de tres a cuatro meses. Si lo que te empuja es la fecha de septiembre de 2026, empieza por la auditor\u00eda y el argumento, que es donde est\u00e1 la exposici\u00f3n.","inLanguage":"es"},"inLanguage":"es"},{"@type":"Question","@id":"https:\/\/salago.design\/es\/blog\/branding-climate-tech-prima-verde\/#faq-question-12221009","position":9,"url":"https:\/\/salago.design\/es\/blog\/branding-climate-tech-prima-verde\/#faq-question-12221009","name":"\u00bfEs distinto el branding de climate tech del de cleantech o greentech?","answerCount":1,"acceptedAnswer":{"@type":"Answer","text":"Los t\u00e9rminos describen mercados que se solapan, pero llevan detr\u00e1s alcances de medici\u00f3n distintos, y eso importa al citar cifras. En el primer trimestre de 2026 PitchBook cont\u00f3 6.600 millones de d\u00f3lares de capital riesgo en climate tech repartidos en 191 operaciones en Europa incluyendo Reino Unido, mientras Cleantech for Europe cont\u00f3 1.300 millones de euros en 62 operaciones en la UE-27 sin deuda. Ninguna de las dos est\u00e1 mal. Antes de citar un tama\u00f1o de mercado, comprueba qu\u00e9 definici\u00f3n, qu\u00e9 geograf\u00eda y si incluye deuda.","inLanguage":"es"},"inLanguage":"es"}]}},"_links":{"self":[{"href":"https:\/\/salago.design\/es\/wp-json\/wp\/v2\/posts\/9177","targetHints":{"allow":["GET"]}}],"collection":[{"href":"https:\/\/salago.design\/es\/wp-json\/wp\/v2\/posts"}],"about":[{"href":"https:\/\/salago.design\/es\/wp-json\/wp\/v2\/types\/post"}],"author":[{"embeddable":true,"href":"https:\/\/salago.design\/es\/wp-json\/wp\/v2\/users\/7"}],"replies":[{"embeddable":true,"href":"https:\/\/salago.design\/es\/wp-json\/wp\/v2\/comments?post=9177"}],"version-history":[{"count":3,"href":"https:\/\/salago.design\/es\/wp-json\/wp\/v2\/posts\/9177\/revisions"}],"predecessor-version":[{"id":9187,"href":"https:\/\/salago.design\/es\/wp-json\/wp\/v2\/posts\/9177\/revisions\/9187"}],"wp:featuredmedia":[{"embeddable":true,"href":"https:\/\/salago.design\/es\/wp-json\/wp\/v2\/media\/9180"}],"wp:attachment":[{"href":"https:\/\/salago.design\/es\/wp-json\/wp\/v2\/media?parent=9177"}],"wp:term":[{"taxonomy":"category","embeddable":true,"href":"https:\/\/salago.design\/es\/wp-json\/wp\/v2\/categories?post=9177"},{"taxonomy":"post_tag","embeddable":true,"href":"https:\/\/salago.design\/es\/wp-json\/wp\/v2\/tags?post=9177"}],"curies":[{"name":"wp","href":"https:\/\/api.w.org\/{rel}","templated":true}]}}