{"id":4264,"date":"2021-01-11T07:02:00","date_gmt":"2021-01-11T07:02:00","guid":{"rendered":"https:\/\/new.salago.design\/sin-categorizar\/para-que-sirve-la-identidad-corporativa-5-claves\/"},"modified":"2021-01-11T07:02:00","modified_gmt":"2021-01-11T07:02:00","slug":"para-que-sirve-la-identidad-corporativa-5-claves","status":"publish","type":"post","link":"https:\/\/salago.design\/es\/blog\/para-que-sirve-la-identidad-corporativa-5-claves\/","title":{"rendered":"\u00bfPara qu\u00e9 sirve la identidad corporativa?: 5 claves"},"content":{"rendered":"<div data-rt-embed-type=\"true\">\n<div class=\"wpb_text_column wpb_content_element  parh2\">\n<div class=\"wpb_wrapper\">\n<h2>\u201cBuscar la consolidaci\u00f3n de la marca es un objetivo clave para empresas de cualquier tama\u00f1o. Para conseguirlo existen distintos factores que se deben cumplir, entre ellos, destaca la identidad corporativa. Esta consiste en conseguir que el p\u00fablico objetivo asocie determinados colores, s\u00edmbolos o acciones a una empresa.\u201d<\/h2>\n<\/div>\n<\/div>\n<div class=\"wpb_text_column wpb_content_element  parp1\">\n<div class=\"wpb_wrapper\">\n<p>Es la carta de presentaci\u00f3n ante los posibles clientes, forma parte de la imagen y de ella depende el concepto que asocien con la empresa.<br \/>Descubre para qu\u00e9 sirve la identidad corporativa, su importancia y algunos de los beneficios que puede aportar a la empresa. Conoce todo sobre esta potente herramienta. <\/p>\n<\/div>\n<\/div>\n<div class=\"img-with-aniamtion-wrap center\" data-max-width=\"100%\" data-max-width-mobile=\"100%\" data-shadow=\"none\" data-animation=\"fade-in\">\n<div class=\"inner\">\n<div class=\"hover-wrap\">\n<h2 class=\"hover-wrap-inner\">\u00bfQu\u00e9 es la identidad corporativa?<\/h2>\n<\/div>\n<\/div>\n<\/div>\n<div class=\"wpb_text_column wpb_content_element  parp1\">\n<div class=\"wpb_wrapper\">\n<p>El t\u00e9rmino de identidad corporativa consiste en la&nbsp;representaci\u00f3n visual de una empresa, de la cual, depender\u00e1 el concepto que el p\u00fablico objetivo se forme del negocio. Es la carta de presentaci\u00f3n en el mercado y &nbsp;<strong>la imagen que se transmite al exterior<\/strong>.<\/p>\n<p>Muchas personas se confunden al pensar que solo se trata del dise\u00f1o de logotipo o de las tarjetas de la empresa, pero abarca mucho m\u00e1s. Desde la tipograf\u00eda, los colores corporativos, la p\u00e1gina web o hasta toda la papeler\u00eda corporativa, entre muchas otras cosas. <\/p>\n<p>Adem\u00e1s, no solo se basa en la imagen de la empresa, tambi\u00e9n est\u00e1 relacionada con los aspectos culturales del negocio. La imagen de la marca se reconoce de forma instant\u00e1nea debido a una buena identidad corporativa gracias a<strong>&nbsp;conseguir una impresi\u00f3n atractiva y duradera para los clientes<\/strong>. Un ejemplo de esto es la empresa Coca-cola o Apple.  <\/p>\n<p>Esta identidad es&nbsp;<strong>\u00fatil para distintas \u00e1reas de la empresa<\/strong>, tanto para la comunicaci\u00f3n interna como la externa. En la parte interna es esencial para conseguir que los trabajadores y colaboradores transmitan los valores deseados con el lenguaje adecuado. De este modo, la marca ser\u00e1 percibida de la misma forma.  <\/p>\n<p>Por otro lado, es \u00fatil para la comunicaci\u00f3n externa, siendo esencial para conseguir tener una coherencia con la identidad de la empresa para el p\u00fablico objetivo.<\/p>\n<\/div>\n<\/div>\n<div class=\"wpb_text_column wpb_content_element  vc_custom_1610363574741 parlih2\">\n<div class=\"wpb_wrapper\">\n<h2>Para qu\u00e9 sirve la identidad corporativa de una empresa<\/h2>\n<\/div>\n<\/div>\n<div class=\"wpb_text_column wpb_content_element  parp1\">\n<div class=\"wpb_wrapper\">\n<p>Una identidad fuerte es importante para moldear de una forma positiva los pensamientos y opiniones de las personas sobre la empresa, sus productos y servicios. En un mercado actual tan competitivo, es vital para los negocios de todos los tama\u00f1os, misiones y prop\u00f3sitos establecer un manual de identidad corporativa, una gu\u00eda de estilo de marca, principios y tono de voz. <\/p>\n<p>Estas son algunas de las claves y razones principales de la importancia de la identidad corporativa para una empresa:<\/p>\n<\/div>\n<\/div>\n<div class=\"wpb_text_column wpb_content_element  vc_custom_1610363650628 parlih2\">\n<div class=\"wpb_wrapper\">\n<h3>Ayuda a diferenciarse<\/h3>\n<\/div>\n<\/div>\n<div class=\"wpb_text_column wpb_content_element  parp1\">\n<div class=\"wpb_wrapper\">\n<p>El principal objetivo de la identidad corporativa es conseguir distinguirse de la competencia. Esto es lo que toda empresa busca, ser recordado y destacar en el mercado tan competido de hoy en d\u00eda. La identidad debe ser \u00fanica o eso es lo que cualquier negocio debe intentar.  <\/p>\n<\/div>\n<\/div>\n<div class=\"wpb_text_column wpb_content_element  vc_custom_1610363679847 parlih2\">\n<div class=\"wpb_wrapper\">\n<h3>Mejor cohesi\u00f3n<\/h3>\n<\/div>\n<\/div>\n<div class=\"wpb_text_column wpb_content_element  parp1\">\n<div class=\"wpb_wrapper\">\n<p>El establecimiento de una identidad de marca corporativa coherente garantiza que todos los miembros de la empresa la representen de la misma manera cada vez que interact\u00faan con clientes, partes interesadas y clientes potenciales.<\/p>\n<\/div>\n<\/div>\n<div class=\"wpb_text_column wpb_content_element  vc_custom_1610363714173 parlih2\">\n<div class=\"wpb_wrapper\">\n<h3>Incrementa la fiabilidad<\/h3>\n<\/div>\n<\/div>\n<div class=\"wpb_text_column wpb_content_element  parp1\">\n<div class=\"wpb_wrapper\">\n<p>Una identidad corporativa cuidadosamente elaborada ayuda a estandarizar la presentaci\u00f3n visual de tu marca en todos los canales, como correo electr\u00f3nico, redes sociales, documentos, web, etc.<\/p>\n<\/div>\n<\/div>\n<div class=\"wpb_text_column wpb_content_element  vc_custom_1610363748385 parlih2\">\n<div class=\"wpb_wrapper\">\n<h3>Aumenta la autoridad<\/h3>\n<\/div>\n<\/div>\n<div class=\"wpb_text_column wpb_content_element  parp1\">\n<div class=\"wpb_wrapper\">\n<p>Una identidad s\u00f3lida distingue a tu empresa de la competencia y hace que tu marca sea f\u00e1cilmente reconocible a trav\u00e9s del dise\u00f1o, la comunicaci\u00f3n y la acci\u00f3n.<\/p>\n<\/div>\n<\/div>\n<div class=\"wpb_text_column wpb_content_element  vc_custom_1610363902562 parlih2\">\n<div class=\"wpb_wrapper\">\n<h3>Permite ser recordada&nbsp;<\/h3>\n<\/div>\n<\/div>\n<p>Conseguir que la identidad de la empresa est\u00e9 bien dise\u00f1ada y ejecutada, permite que el p\u00fablico objetivo y los trabajadores, la recuerden de forma r\u00e1pida. Por ejemplo, \u00bfqui\u00e9n no asocia el logo del p\u00e1jaro azul con Twitter? <\/p>\n<p>Ahora ya conoces para qu\u00e9 sirve la identidad corporativa, las claves y razones de su importancia para cualquier empresa. Si necesitas ayuda para conseguir una identidad potente y \u00fanica, puedes &nbsp;<strong>crear tu web corporativa con Salago<\/strong>&nbsp;para diferenciarte de tu competencia.<\/p>\n<\/div>\n","protected":false},"excerpt":{"rendered":"<p>\u201cBuscar la consolidaci\u00f3n de la marca es un objetivo clave para empresas de cualquier tama\u00f1o. Para conseguirlo existen distintos factores [&hellip;]<\/p>\n","protected":false},"author":1,"featured_media":4261,"comment_status":"closed","ping_status":"open","sticky":false,"template":"","format":"standard","meta":{"site-sidebar-layout":"default","site-content-layout":"","ast-site-content-layout":"full-width-container","site-content-style":"default","site-sidebar-style":"default","ast-global-header-display":"","ast-banner-title-visibility":"","ast-main-header-display":"","ast-hfb-above-header-display":"","ast-hfb-below-header-display":"","ast-hfb-mobile-header-display":"","site-post-title":"","ast-breadcrumbs-content":"","ast-featured-img":"","footer-sml-layout":"","ast-disable-related-posts":"","theme-transparent-header-meta":"","adv-header-id-meta":"","stick-header-meta":"","header-above-stick-meta":"","header-main-stick-meta":"","header-below-stick-meta":"","astra-migrate-meta-layouts":"default","ast-page-background-enabled":"default","ast-page-background-meta":{"desktop":{"background-color":"var(--ast-global-color-5)","background-image":"","background-repeat":"repeat","background-position":"center center","background-size":"auto","background-attachment":"scroll","background-type":"","background-media":"","overlay-type":"","overlay-color":"","overlay-opacity":"","overlay-gradient":""},"tablet":{"background-color":"","background-image":"","background-repeat":"repeat","background-position":"center center","background-size":"auto","background-attachment":"scroll","background-type":"","background-media":"","overlay-type":"","overlay-color":"","overlay-opacity":"","overlay-gradient":""},"mobile":{"background-color":"","background-image":"","background-repeat":"repeat","background-position":"center center","background-size":"auto","background-attachment":"scroll","background-type":"","background-media":"","overlay-type":"","overlay-color":"","overlay-opacity":"","overlay-gradient":""}},"ast-content-background-meta":{"desktop":{"background-color":"var(--ast-global-color-4)","background-image":"","background-repeat":"repeat","background-position":"center center","background-size":"auto","background-attachment":"scroll","background-type":"","background-media":"","overlay-type":"","overlay-color":"","overlay-opacity":"","overlay-gradient":""},"tablet":{"background-color":"var(--ast-global-color-4)","background-image":"","background-repeat":"repeat","background-position":"center center","background-size":"auto","background-attachment":"scroll","background-type":"","background-media":"","overlay-type":"","overlay-color":"","overlay-opacity":"","overlay-gradient":""},"mobile":{"background-color":"var(--ast-global-color-4)","background-image":"","background-repeat":"repeat","background-position":"center center","background-size":"auto","background-attachment":"scroll","background-type":"","background-media":"","overlay-type":"","overlay-color":"","overlay-opacity":"","overlay-gradient":""}},"footnotes":""},"categories":[24],"tags":[],"class_list":["post-4264","post","type-post","status-publish","format-standard","has-post-thumbnail","hentry","category-branding"],"yoast_head":"<!-- This site is optimized with the Yoast SEO plugin v27.3 - https:\/\/yoast.com\/product\/yoast-seo-wordpress\/ -->\n<title>Para qu\u00e9 sirve la identidad corporativa de una empresa<\/title>\n<meta name=\"description\" content=\"\u00bfTodav\u00eda no sabes para qu\u00e9 sirve la identidad corporativa de una empresa? Aqu\u00ed te contamos por qu\u00e9 es tan importante para una marca exitosa.\" \/>\n<meta name=\"robots\" content=\"index, follow, max-snippet:-1, max-image-preview:large, max-video-preview:-1\" \/>\n<link rel=\"canonical\" href=\"https:\/\/salago.design\/es\/blog\/para-que-sirve-la-identidad-corporativa-5-claves\/\" \/>\n<meta property=\"og:locale\" content=\"es_ES\" \/>\n<meta property=\"og:type\" content=\"article\" \/>\n<meta property=\"og:title\" content=\"Para qu\u00e9 sirve la identidad corporativa de una empresa\" \/>\n<meta property=\"og:description\" content=\"\u00bfTodav\u00eda no sabes para qu\u00e9 sirve la identidad corporativa de una empresa? Aqu\u00ed te contamos por qu\u00e9 es tan importante para una marca exitosa.\" \/>\n<meta property=\"og:url\" content=\"https:\/\/salago.design\/es\/blog\/para-que-sirve-la-identidad-corporativa-5-claves\/\" \/>\n<meta property=\"og:site_name\" content=\"Salago Creative\" \/>\n<meta property=\"article:published_time\" content=\"2021-01-11T07:02:00+00:00\" \/>\n<meta property=\"og:image\" content=\"https:\/\/new.salago.design\/wp-content\/uploads\/2021\/01\/6509394a43213d9c75be6092_para-que-sirve-identidad-corporativa.jpg\" \/>\n\t<meta property=\"og:image:width\" content=\"1536\" \/>\n\t<meta property=\"og:image:height\" content=\"864\" \/>\n\t<meta property=\"og:image:type\" content=\"image\/jpeg\" \/>\n<meta name=\"author\" content=\"admin\" \/>\n<meta name=\"twitter:card\" content=\"summary_large_image\" \/>\n<meta name=\"twitter:label1\" content=\"Escrito por\" \/>\n\t<meta name=\"twitter:data1\" content=\"admin\" \/>\n\t<meta name=\"twitter:label2\" content=\"Tiempo de lectura\" \/>\n\t<meta name=\"twitter:data2\" content=\"3 minutos\" \/>\n<script type=\"application\/ld+json\" class=\"yoast-schema-graph\">{\"@context\":\"https:\\\/\\\/schema.org\",\"@graph\":[{\"@type\":\"Article\",\"@id\":\"https:\\\/\\\/salago.design\\\/es\\\/blog\\\/para-que-sirve-la-identidad-corporativa-5-claves\\\/#article\",\"isPartOf\":{\"@id\":\"https:\\\/\\\/salago.design\\\/es\\\/blog\\\/para-que-sirve-la-identidad-corporativa-5-claves\\\/\"},\"author\":{\"name\":\"admin\",\"@id\":\"https:\\\/\\\/salago.design\\\/es\\\/#\\\/schema\\\/person\\\/1ff76e1ba20b7b6ccd7a986d7260a078\"},\"headline\":\"\u00bfPara qu\u00e9 sirve la identidad corporativa?: 5 claves\",\"datePublished\":\"2021-01-11T07:02:00+00:00\",\"mainEntityOfPage\":{\"@id\":\"https:\\\/\\\/salago.design\\\/es\\\/blog\\\/para-que-sirve-la-identidad-corporativa-5-claves\\\/\"},\"wordCount\":691,\"publisher\":{\"@id\":\"https:\\\/\\\/salago.design\\\/es\\\/#organization\"},\"image\":{\"@id\":\"https:\\\/\\\/salago.design\\\/es\\\/blog\\\/para-que-sirve-la-identidad-corporativa-5-claves\\\/#primaryimage\"},\"thumbnailUrl\":\"https:\\\/\\\/salago.design\\\/wp-content\\\/uploads\\\/2021\\\/01\\\/6509394a43213d9c75be6092_para-que-sirve-identidad-corporativa.jpg\",\"articleSection\":[\"branding\"],\"inLanguage\":\"es\"},{\"@type\":\"WebPage\",\"@id\":\"https:\\\/\\\/salago.design\\\/es\\\/blog\\\/para-que-sirve-la-identidad-corporativa-5-claves\\\/\",\"url\":\"https:\\\/\\\/salago.design\\\/es\\\/blog\\\/para-que-sirve-la-identidad-corporativa-5-claves\\\/\",\"name\":\"Para qu\u00e9 sirve la identidad corporativa de una empresa\",\"isPartOf\":{\"@id\":\"https:\\\/\\\/salago.design\\\/es\\\/#website\"},\"primaryImageOfPage\":{\"@id\":\"https:\\\/\\\/salago.design\\\/es\\\/blog\\\/para-que-sirve-la-identidad-corporativa-5-claves\\\/#primaryimage\"},\"image\":{\"@id\":\"https:\\\/\\\/salago.design\\\/es\\\/blog\\\/para-que-sirve-la-identidad-corporativa-5-claves\\\/#primaryimage\"},\"thumbnailUrl\":\"https:\\\/\\\/salago.design\\\/wp-content\\\/uploads\\\/2021\\\/01\\\/6509394a43213d9c75be6092_para-que-sirve-identidad-corporativa.jpg\",\"datePublished\":\"2021-01-11T07:02:00+00:00\",\"description\":\"\u00bfTodav\u00eda no sabes para qu\u00e9 sirve la identidad corporativa de una empresa? Aqu\u00ed te contamos por qu\u00e9 es tan importante para una marca exitosa.\",\"breadcrumb\":{\"@id\":\"https:\\\/\\\/salago.design\\\/es\\\/blog\\\/para-que-sirve-la-identidad-corporativa-5-claves\\\/#breadcrumb\"},\"inLanguage\":\"es\",\"potentialAction\":[{\"@type\":\"ReadAction\",\"target\":[\"https:\\\/\\\/salago.design\\\/es\\\/blog\\\/para-que-sirve-la-identidad-corporativa-5-claves\\\/\"]}]},{\"@type\":\"ImageObject\",\"inLanguage\":\"es\",\"@id\":\"https:\\\/\\\/salago.design\\\/es\\\/blog\\\/para-que-sirve-la-identidad-corporativa-5-claves\\\/#primaryimage\",\"url\":\"https:\\\/\\\/salago.design\\\/wp-content\\\/uploads\\\/2021\\\/01\\\/6509394a43213d9c75be6092_para-que-sirve-identidad-corporativa.jpg\",\"contentUrl\":\"https:\\\/\\\/salago.design\\\/wp-content\\\/uploads\\\/2021\\\/01\\\/6509394a43213d9c75be6092_para-que-sirve-identidad-corporativa.jpg\",\"width\":1536,\"height\":864},{\"@type\":\"BreadcrumbList\",\"@id\":\"https:\\\/\\\/salago.design\\\/es\\\/blog\\\/para-que-sirve-la-identidad-corporativa-5-claves\\\/#breadcrumb\",\"itemListElement\":[{\"@type\":\"ListItem\",\"position\":1,\"name\":\"Portada\",\"item\":\"https:\\\/\\\/salago.design\\\/es\\\/\"},{\"@type\":\"ListItem\",\"position\":2,\"name\":\"\u00bfPara qu\u00e9 sirve la identidad corporativa?: 5 claves\"}]},{\"@type\":\"WebSite\",\"@id\":\"https:\\\/\\\/salago.design\\\/es\\\/#website\",\"url\":\"https:\\\/\\\/salago.design\\\/es\\\/\",\"name\":\"Salago Creative\",\"description\":\"\",\"publisher\":{\"@id\":\"https:\\\/\\\/salago.design\\\/es\\\/#organization\"},\"potentialAction\":[{\"@type\":\"SearchAction\",\"target\":{\"@type\":\"EntryPoint\",\"urlTemplate\":\"https:\\\/\\\/salago.design\\\/es\\\/?s={search_term_string}\"},\"query-input\":{\"@type\":\"PropertyValueSpecification\",\"valueRequired\":true,\"valueName\":\"search_term_string\"}}],\"inLanguage\":\"es\"},{\"@type\":\"Organization\",\"@id\":\"https:\\\/\\\/salago.design\\\/es\\\/#organization\",\"name\":\"Salago Creative\",\"url\":\"https:\\\/\\\/salago.design\\\/es\\\/\",\"logo\":{\"@type\":\"ImageObject\",\"inLanguage\":\"es\",\"@id\":\"https:\\\/\\\/salago.design\\\/es\\\/#\\\/schema\\\/logo\\\/image\\\/\",\"url\":\"https:\\\/\\\/salago.design\\\/wp-content\\\/uploads\\\/2026\\\/03\\\/salago.png\",\"contentUrl\":\"https:\\\/\\\/salago.design\\\/wp-content\\\/uploads\\\/2026\\\/03\\\/salago.png\",\"width\":1164,\"height\":460,\"caption\":\"Salago Creative\"},\"image\":{\"@id\":\"https:\\\/\\\/salago.design\\\/es\\\/#\\\/schema\\\/logo\\\/image\\\/\"},\"sameAs\":[\"https:\\\/\\\/www.instagram.com\\\/salago.design\",\"https:\\\/\\\/www.linkedin.com\\\/company\\\/salago-design\"]},{\"@type\":\"Person\",\"@id\":\"https:\\\/\\\/salago.design\\\/es\\\/#\\\/schema\\\/person\\\/1ff76e1ba20b7b6ccd7a986d7260a078\",\"name\":\"admin\",\"image\":{\"@type\":\"ImageObject\",\"inLanguage\":\"es\",\"@id\":\"https:\\\/\\\/secure.gravatar.com\\\/avatar\\\/5b7b07e6fe3d5b1e86ecc9fa6f68a92c5750b325aecccef041b1c0d928bf4f51?s=96&d=mm&r=g\",\"url\":\"https:\\\/\\\/secure.gravatar.com\\\/avatar\\\/5b7b07e6fe3d5b1e86ecc9fa6f68a92c5750b325aecccef041b1c0d928bf4f51?s=96&d=mm&r=g\",\"contentUrl\":\"https:\\\/\\\/secure.gravatar.com\\\/avatar\\\/5b7b07e6fe3d5b1e86ecc9fa6f68a92c5750b325aecccef041b1c0d928bf4f51?s=96&d=mm&r=g\",\"caption\":\"admin\"},\"sameAs\":[\"https:\\\/\\\/salago.design\"],\"url\":\"https:\\\/\\\/salago.design\\\/es\\\/blog\\\/author\\\/admin\\\/\"}]}<\/script>\n<!-- \/ Yoast SEO plugin. -->","yoast_head_json":{"title":"Para qu\u00e9 sirve la identidad corporativa de una empresa","description":"\u00bfTodav\u00eda no sabes para qu\u00e9 sirve la identidad corporativa de una empresa? Aqu\u00ed te contamos por qu\u00e9 es tan importante para una marca exitosa.","robots":{"index":"index","follow":"follow","max-snippet":"max-snippet:-1","max-image-preview":"max-image-preview:large","max-video-preview":"max-video-preview:-1"},"canonical":"https:\/\/salago.design\/es\/blog\/para-que-sirve-la-identidad-corporativa-5-claves\/","og_locale":"es_ES","og_type":"article","og_title":"Para qu\u00e9 sirve la identidad corporativa de una empresa","og_description":"\u00bfTodav\u00eda no sabes para qu\u00e9 sirve la identidad corporativa de una empresa? Aqu\u00ed te contamos por qu\u00e9 es tan importante para una marca exitosa.","og_url":"https:\/\/salago.design\/es\/blog\/para-que-sirve-la-identidad-corporativa-5-claves\/","og_site_name":"Salago Creative","article_published_time":"2021-01-11T07:02:00+00:00","og_image":[{"width":1536,"height":864,"url":"https:\/\/new.salago.design\/wp-content\/uploads\/2021\/01\/6509394a43213d9c75be6092_para-que-sirve-identidad-corporativa.jpg","type":"image\/jpeg"}],"author":"admin","twitter_card":"summary_large_image","twitter_misc":{"Escrito por":"admin","Tiempo de lectura":"3 minutos"},"schema":{"@context":"https:\/\/schema.org","@graph":[{"@type":"Article","@id":"https:\/\/salago.design\/es\/blog\/para-que-sirve-la-identidad-corporativa-5-claves\/#article","isPartOf":{"@id":"https:\/\/salago.design\/es\/blog\/para-que-sirve-la-identidad-corporativa-5-claves\/"},"author":{"name":"admin","@id":"https:\/\/salago.design\/es\/#\/schema\/person\/1ff76e1ba20b7b6ccd7a986d7260a078"},"headline":"\u00bfPara qu\u00e9 sirve la identidad corporativa?: 5 claves","datePublished":"2021-01-11T07:02:00+00:00","mainEntityOfPage":{"@id":"https:\/\/salago.design\/es\/blog\/para-que-sirve-la-identidad-corporativa-5-claves\/"},"wordCount":691,"publisher":{"@id":"https:\/\/salago.design\/es\/#organization"},"image":{"@id":"https:\/\/salago.design\/es\/blog\/para-que-sirve-la-identidad-corporativa-5-claves\/#primaryimage"},"thumbnailUrl":"https:\/\/salago.design\/wp-content\/uploads\/2021\/01\/6509394a43213d9c75be6092_para-que-sirve-identidad-corporativa.jpg","articleSection":["branding"],"inLanguage":"es"},{"@type":"WebPage","@id":"https:\/\/salago.design\/es\/blog\/para-que-sirve-la-identidad-corporativa-5-claves\/","url":"https:\/\/salago.design\/es\/blog\/para-que-sirve-la-identidad-corporativa-5-claves\/","name":"Para qu\u00e9 sirve la identidad corporativa de una empresa","isPartOf":{"@id":"https:\/\/salago.design\/es\/#website"},"primaryImageOfPage":{"@id":"https:\/\/salago.design\/es\/blog\/para-que-sirve-la-identidad-corporativa-5-claves\/#primaryimage"},"image":{"@id":"https:\/\/salago.design\/es\/blog\/para-que-sirve-la-identidad-corporativa-5-claves\/#primaryimage"},"thumbnailUrl":"https:\/\/salago.design\/wp-content\/uploads\/2021\/01\/6509394a43213d9c75be6092_para-que-sirve-identidad-corporativa.jpg","datePublished":"2021-01-11T07:02:00+00:00","description":"\u00bfTodav\u00eda no sabes para qu\u00e9 sirve la identidad corporativa de una empresa? Aqu\u00ed te contamos por qu\u00e9 es tan importante para una marca exitosa.","breadcrumb":{"@id":"https:\/\/salago.design\/es\/blog\/para-que-sirve-la-identidad-corporativa-5-claves\/#breadcrumb"},"inLanguage":"es","potentialAction":[{"@type":"ReadAction","target":["https:\/\/salago.design\/es\/blog\/para-que-sirve-la-identidad-corporativa-5-claves\/"]}]},{"@type":"ImageObject","inLanguage":"es","@id":"https:\/\/salago.design\/es\/blog\/para-que-sirve-la-identidad-corporativa-5-claves\/#primaryimage","url":"https:\/\/salago.design\/wp-content\/uploads\/2021\/01\/6509394a43213d9c75be6092_para-que-sirve-identidad-corporativa.jpg","contentUrl":"https:\/\/salago.design\/wp-content\/uploads\/2021\/01\/6509394a43213d9c75be6092_para-que-sirve-identidad-corporativa.jpg","width":1536,"height":864},{"@type":"BreadcrumbList","@id":"https:\/\/salago.design\/es\/blog\/para-que-sirve-la-identidad-corporativa-5-claves\/#breadcrumb","itemListElement":[{"@type":"ListItem","position":1,"name":"Portada","item":"https:\/\/salago.design\/es\/"},{"@type":"ListItem","position":2,"name":"\u00bfPara qu\u00e9 sirve la identidad corporativa?: 5 claves"}]},{"@type":"WebSite","@id":"https:\/\/salago.design\/es\/#website","url":"https:\/\/salago.design\/es\/","name":"Salago Creative","description":"","publisher":{"@id":"https:\/\/salago.design\/es\/#organization"},"potentialAction":[{"@type":"SearchAction","target":{"@type":"EntryPoint","urlTemplate":"https:\/\/salago.design\/es\/?s={search_term_string}"},"query-input":{"@type":"PropertyValueSpecification","valueRequired":true,"valueName":"search_term_string"}}],"inLanguage":"es"},{"@type":"Organization","@id":"https:\/\/salago.design\/es\/#organization","name":"Salago Creative","url":"https:\/\/salago.design\/es\/","logo":{"@type":"ImageObject","inLanguage":"es","@id":"https:\/\/salago.design\/es\/#\/schema\/logo\/image\/","url":"https:\/\/salago.design\/wp-content\/uploads\/2026\/03\/salago.png","contentUrl":"https:\/\/salago.design\/wp-content\/uploads\/2026\/03\/salago.png","width":1164,"height":460,"caption":"Salago Creative"},"image":{"@id":"https:\/\/salago.design\/es\/#\/schema\/logo\/image\/"},"sameAs":["https:\/\/www.instagram.com\/salago.design","https:\/\/www.linkedin.com\/company\/salago-design"]},{"@type":"Person","@id":"https:\/\/salago.design\/es\/#\/schema\/person\/1ff76e1ba20b7b6ccd7a986d7260a078","name":"admin","image":{"@type":"ImageObject","inLanguage":"es","@id":"https:\/\/secure.gravatar.com\/avatar\/5b7b07e6fe3d5b1e86ecc9fa6f68a92c5750b325aecccef041b1c0d928bf4f51?s=96&d=mm&r=g","url":"https:\/\/secure.gravatar.com\/avatar\/5b7b07e6fe3d5b1e86ecc9fa6f68a92c5750b325aecccef041b1c0d928bf4f51?s=96&d=mm&r=g","contentUrl":"https:\/\/secure.gravatar.com\/avatar\/5b7b07e6fe3d5b1e86ecc9fa6f68a92c5750b325aecccef041b1c0d928bf4f51?s=96&d=mm&r=g","caption":"admin"},"sameAs":["https:\/\/salago.design"],"url":"https:\/\/salago.design\/es\/blog\/author\/admin\/"}]}},"_links":{"self":[{"href":"https:\/\/salago.design\/es\/wp-json\/wp\/v2\/posts\/4264","targetHints":{"allow":["GET"]}}],"collection":[{"href":"https:\/\/salago.design\/es\/wp-json\/wp\/v2\/posts"}],"about":[{"href":"https:\/\/salago.design\/es\/wp-json\/wp\/v2\/types\/post"}],"author":[{"embeddable":true,"href":"https:\/\/salago.design\/es\/wp-json\/wp\/v2\/users\/1"}],"replies":[{"embeddable":true,"href":"https:\/\/salago.design\/es\/wp-json\/wp\/v2\/comments?post=4264"}],"version-history":[{"count":0,"href":"https:\/\/salago.design\/es\/wp-json\/wp\/v2\/posts\/4264\/revisions"}],"wp:featuredmedia":[{"embeddable":true,"href":"https:\/\/salago.design\/es\/wp-json\/wp\/v2\/media\/4261"}],"wp:attachment":[{"href":"https:\/\/salago.design\/es\/wp-json\/wp\/v2\/media?parent=4264"}],"wp:term":[{"taxonomy":"category","embeddable":true,"href":"https:\/\/salago.design\/es\/wp-json\/wp\/v2\/categories?post=4264"},{"taxonomy":"post_tag","embeddable":true,"href":"https:\/\/salago.design\/es\/wp-json\/wp\/v2\/tags?post=4264"}],"curies":[{"name":"wp","href":"https:\/\/api.w.org\/{rel}","templated":true}]}}