{"id":4249,"date":"2020-01-08T07:30:00","date_gmt":"2020-01-08T07:30:00","guid":{"rendered":"https:\/\/new.salago.design\/sin-categorizar\/que-es-un-video-corporativo-y-por-que-lo-necesita-tu-empresa\/"},"modified":"2020-01-08T07:30:00","modified_gmt":"2020-01-08T07:30:00","slug":"que-es-un-video-corporativo-y-por-que-lo-necesita-tu-empresa","status":"publish","type":"post","link":"https:\/\/salago.design\/es\/blog\/que-es-un-video-corporativo-y-por-que-lo-necesita-tu-empresa\/","title":{"rendered":"\u00bfQu\u00e9 es un v\u00eddeo corporativo y por qu\u00e9 lo necesita tu empresa?"},"content":{"rendered":"<div data-rt-embed-type=\"true\">\n<p><em><strong>Seguro que&nbsp; has o\u00eddo hablar del \u201cv\u00eddeo corporativo\u201d, pero \u00bfqu\u00e9 es exactamente? En este art\u00edculo descubrir\u00e1s a la perfecci\u00f3n qu\u00e9 es Corporate Video y c\u00f3mo tu empresa puede beneficiarse de \u00e9l. <\/strong><\/em><\/p>\n<p>Las posibilidades de c\u00f3mo puedes usar el v\u00eddeo corporativo son infinitas. La mayor\u00eda de las empresas lo utilizan para promover y dar a conocer su marca. Sin embargo, el v\u00eddeo corporativo tambi\u00e9n se puede utilizar para capacitar a su personal, filmar eventos en vivo e incluso comunicarse con tu equipo. \u00bfA qu\u00e9 esperas para saber todas sus ventajas?   <\/p>\n<h2>\u00bfQu\u00e9 es un v\u00eddeo corporativo?<\/h2>\n<p>Los videos corporativos est\u00e1n destinados a vender o describir una empresa, sin describir un producto en particular. Es decir, &nbsp;<strong>describen la historia de la empresa<\/strong>, adem\u00e1s de la misi\u00f3n de una empresa a sus accionistas o su comunidad.<\/p>\n<p>A menudo, tambi\u00e9n se describe la visi\u00f3n de la empresa y sus aspiraciones futuras. Cuando una empresa hace un video corporativo, es porque quiere que sus espectadores comprendan los valores de la empresa y la cultura general de la empresa. <\/p>\n<p>Los videos corporativos est\u00e1n destinados a explicar la empresa a personas que pueden no estar familiarizadas con ella.<\/p>\n<p>Incluso pueden usarse como un video introductorio para los posibles empleados, as\u00ed como para los posibles clientes. Las compa\u00f1\u00edas tambi\u00e9n pueden usar videos corporativos como &nbsp;<strong>una forma de explicar la misi\u00f3n y visi\u00f3n de la compa\u00f1\u00eda para las comunidades en general<\/strong>.<\/p>\n<p>Cuando las personas entienden la cultura general de una empresa, pueden identificarse mejor con la empresa, conectar m\u00e1s con ella y por lo tanto, terminar comprando su servicio o producto.<\/p>\n<h2>4 Ventajas de un v\u00eddeo corporativo para tu empresa<\/h2>\n<p>Para las empresas que utilizan una amplia gama de herramientas de marketing, puede ser dif\u00edcil saber qu\u00e9 ruta es mejor para tu empresa.<\/p>\n<p>Estos son las cinco ventajas principales que un v\u00eddeo corporativo puede conseguir para tu empresa y c\u00f3mo esta herramienta de marketing puede mantener tu negocio en auge.<\/p>\n<h3>1. Mayor tr\u00e1fico<\/h3>\n<p>Uno de los principales beneficios del uso de v\u00eddeos corporativos es aumentar el tr\u00e1fico. Dado que el v\u00eddeo es responsable de dos tercios del tr\u00e1fico en Internet, es m\u00e1s importante que nunca incluir la realizaci\u00f3n de videos corporativos en tus planes de marketing. <\/p>\n<p>Si a\u00fan no est\u00e1s utilizando el v\u00eddeo corporativo, est\u00e1s perdiendo una gran cantidad de tr\u00e1fico clientes potenciales. Mientras m\u00e1s tr\u00e1fico consiga tu p\u00e1gina, m\u00e1s ventas obtendr\u00e1s. <\/p>\n<h3>2. M\u00e1s veces compartido<\/h3>\n<p>Una vez que hayas publicado contenido de v\u00eddeo en tu p\u00e1gina de negocios comienza a publicar tus v\u00eddeos en plataformas de redes sociales populares como Facebook o YouTube.<\/p>\n<p>Esto puede ser una excelente manera de atraer nuevos clientes a tu marca. Cuantas m\u00e1s personas compartan tus videos, mayor ser\u00e1 el alcance de los clientes potenciales que ven e interact\u00faan con tu negocio. <\/p>\n<h3>3. Mejor ranking SEO<\/h3>\n<p>Otro beneficio del uso del v\u00eddeo corporativo es que tu negocio aparecer\u00e1 m\u00e1s en los motores de b\u00fasqueda que aquellos que no lo hacen.<\/p>\n<p>Es m\u00e1s probable que tus clientes encuentren tu p\u00e1gina primero, es decir, por encima de tus competidores.<\/p>\n<p>Aseg\u00farate de publicar v\u00eddeos regulares en tu sitio web para mantener a la p\u00e1gina de tu empresa en uno de los primeros resultados.<\/p>\n<p>Adem\u00e1s, investigar sobre competidores en campos similares puede ayudarte a estar un paso por delante del juego.<\/p>\n<h3>4. Crea mejor conciencia de marca<\/h3>\n<p>Los mensajes que muestre tu empresa en el contenido de tu video deber\u00e1n ser informativos, atractivos y llamativos para todos los consumidores.<\/p>\n<p>Uno de los grandes beneficios de comenzar a realizar v\u00eddeos corporativos es crear y mejorar el conocimiento de tu marca.<\/p>\n<p>Los elementos visuales pueden marcar la diferencia y mantener a los espectadores enganchados en lugar de tener que examinar la lectura de grandes cantidades de texto.<\/p>\n<p>Deseas dejar una impresi\u00f3n memorable, as\u00ed que aseg\u00farate de que tu contenido sea atractivo para tu p\u00fablico objetivo.<\/p>\n<h3>5. Posibilidades infinitas<\/h3>\n<p>Una de las principales razones por las cuales las empresas eligen usar el v\u00eddeo corporativo es porque las posibilidades son infinitas. Hacer y producir sus propios videos debe ser una experiencia divertida, pero es complejo ya que necesita muchos conocimientos. <\/p>\n<p>Por ello, para crear un contenido de calidad para tu negocio y conseguir las ventajas que ofrece la mejor opci\u00f3n es optar por pedir ayuda a expertos en el sector.<\/p>\n<p><strong><a href=\"https:\/\/www.salago.design\/motion\" target=\"_blank\" rel=\"noopener noreferrer\">\u00bfQuieres conocer m\u00e1s sobre el video marketing para empresas? En Salagocreative.com podemos ayudarte<\/a><\/strong>.<\/p>\n<p>Con el uso del v\u00eddeo corporativo conseguir\u00e1s aumentar el tr\u00e1fico a tu p\u00e1gina, mejorar su posicionamiento SEO, as\u00ed como crear conciencia de marca, es sencillo ver por qu\u00e9 tantas empresas deciden incorporar la producci\u00f3n de video en su estrategia de marketing. \u00bfA qu\u00e9 esperas para ponerlo en pr\u00e1ctica? <\/p>\n<\/div>\n","protected":false},"excerpt":{"rendered":"<p>Seguro que&nbsp; has o\u00eddo hablar del \u201cv\u00eddeo corporativo\u201d, pero \u00bfqu\u00e9 es exactamente? En este art\u00edculo descubrir\u00e1s a la perfecci\u00f3n qu\u00e9 [&hellip;]<\/p>\n","protected":false},"author":1,"featured_media":4234,"comment_status":"closed","ping_status":"open","sticky":false,"template":"","format":"standard","meta":{"site-sidebar-layout":"default","site-content-layout":"","ast-site-content-layout":"full-width-container","site-content-style":"default","site-sidebar-style":"default","ast-global-header-display":"","ast-banner-title-visibility":"","ast-main-header-display":"","ast-hfb-above-header-display":"","ast-hfb-below-header-display":"","ast-hfb-mobile-header-display":"","site-post-title":"","ast-breadcrumbs-content":"","ast-featured-img":"","footer-sml-layout":"","ast-disable-related-posts":"","theme-transparent-header-meta":"","adv-header-id-meta":"","stick-header-meta":"","header-above-stick-meta":"","header-main-stick-meta":"","header-below-stick-meta":"","astra-migrate-meta-layouts":"default","ast-page-background-enabled":"default","ast-page-background-meta":{"desktop":{"background-color":"var(--ast-global-color-5)","background-image":"","background-repeat":"repeat","background-position":"center center","background-size":"auto","background-attachment":"scroll","background-type":"","background-media":"","overlay-type":"","overlay-color":"","overlay-opacity":"","overlay-gradient":""},"tablet":{"background-color":"","background-image":"","background-repeat":"repeat","background-position":"center center","background-size":"auto","background-attachment":"scroll","background-type":"","background-media":"","overlay-type":"","overlay-color":"","overlay-opacity":"","overlay-gradient":""},"mobile":{"background-color":"","background-image":"","background-repeat":"repeat","background-position":"center center","background-size":"auto","background-attachment":"scroll","background-type":"","background-media":"","overlay-type":"","overlay-color":"","overlay-opacity":"","overlay-gradient":""}},"ast-content-background-meta":{"desktop":{"background-color":"var(--ast-global-color-4)","background-image":"","background-repeat":"repeat","background-position":"center center","background-size":"auto","background-attachment":"scroll","background-type":"","background-media":"","overlay-type":"","overlay-color":"","overlay-opacity":"","overlay-gradient":""},"tablet":{"background-color":"var(--ast-global-color-4)","background-image":"","background-repeat":"repeat","background-position":"center center","background-size":"auto","background-attachment":"scroll","background-type":"","background-media":"","overlay-type":"","overlay-color":"","overlay-opacity":"","overlay-gradient":""},"mobile":{"background-color":"var(--ast-global-color-4)","background-image":"","background-repeat":"repeat","background-position":"center center","background-size":"auto","background-attachment":"scroll","background-type":"","background-media":"","overlay-type":"","overlay-color":"","overlay-opacity":"","overlay-gradient":""}},"footnotes":""},"categories":[25],"tags":[],"class_list":["post-4249","post","type-post","status-publish","format-standard","has-post-thumbnail","hentry","category-motion"],"yoast_head":"<!-- This site is optimized with the Yoast SEO plugin v27.3 - https:\/\/yoast.com\/product\/yoast-seo-wordpress\/ -->\n<title>\u00bfQu\u00e9 es un v\u00eddeo corporativo?: Todo lo que debes saber<\/title>\n<meta name=\"description\" content=\"\u00bfQuieres saber qu\u00e9 es un v\u00eddeo corporativo? Hoy te contamos en qu\u00e9 consiste, cu\u00e1les son sus ventajas y por qu\u00e9 es bueno para tu negocio. \u00a1No te lo pierdas!\" \/>\n<meta name=\"robots\" content=\"index, follow, max-snippet:-1, max-image-preview:large, max-video-preview:-1\" \/>\n<link rel=\"canonical\" href=\"https:\/\/salago.design\/es\/blog\/que-es-un-video-corporativo-y-por-que-lo-necesita-tu-empresa\/\" \/>\n<meta property=\"og:locale\" content=\"es_ES\" \/>\n<meta property=\"og:type\" content=\"article\" \/>\n<meta property=\"og:title\" content=\"\u00bfQu\u00e9 es un v\u00eddeo corporativo?: Todo lo que debes saber\" \/>\n<meta property=\"og:description\" content=\"\u00bfQuieres saber qu\u00e9 es un v\u00eddeo corporativo? Hoy te contamos en qu\u00e9 consiste, cu\u00e1les son sus ventajas y por qu\u00e9 es bueno para tu negocio. \u00a1No te lo pierdas!\" \/>\n<meta property=\"og:url\" content=\"https:\/\/salago.design\/es\/blog\/que-es-un-video-corporativo-y-por-que-lo-necesita-tu-empresa\/\" \/>\n<meta property=\"og:site_name\" content=\"Salago Creative\" \/>\n<meta property=\"article:published_time\" content=\"2020-01-08T07:30:00+00:00\" \/>\n<meta property=\"og:image\" content=\"https:\/\/new.salago.design\/wp-content\/uploads\/2020\/01\/650a9167aa45f0272f0edc14_que_es_un_video_corporativo_empresa_.jpg\" \/>\n\t<meta property=\"og:image:width\" content=\"850\" \/>\n\t<meta property=\"og:image:height\" content=\"478\" \/>\n\t<meta property=\"og:image:type\" content=\"image\/jpeg\" \/>\n<meta name=\"author\" content=\"admin\" \/>\n<meta name=\"twitter:card\" content=\"summary_large_image\" \/>\n<meta name=\"twitter:label1\" content=\"Escrito por\" \/>\n\t<meta name=\"twitter:data1\" content=\"admin\" \/>\n\t<meta name=\"twitter:label2\" content=\"Tiempo de lectura\" \/>\n\t<meta name=\"twitter:data2\" content=\"4 minutos\" \/>\n<script type=\"application\/ld+json\" class=\"yoast-schema-graph\">{\"@context\":\"https:\\\/\\\/schema.org\",\"@graph\":[{\"@type\":\"Article\",\"@id\":\"https:\\\/\\\/salago.design\\\/es\\\/blog\\\/que-es-un-video-corporativo-y-por-que-lo-necesita-tu-empresa\\\/#article\",\"isPartOf\":{\"@id\":\"https:\\\/\\\/salago.design\\\/es\\\/blog\\\/que-es-un-video-corporativo-y-por-que-lo-necesita-tu-empresa\\\/\"},\"author\":{\"name\":\"admin\",\"@id\":\"https:\\\/\\\/salago.design\\\/es\\\/#\\\/schema\\\/person\\\/1ff76e1ba20b7b6ccd7a986d7260a078\"},\"headline\":\"\u00bfQu\u00e9 es un v\u00eddeo corporativo y por qu\u00e9 lo necesita tu empresa?\",\"datePublished\":\"2020-01-08T07:30:00+00:00\",\"mainEntityOfPage\":{\"@id\":\"https:\\\/\\\/salago.design\\\/es\\\/blog\\\/que-es-un-video-corporativo-y-por-que-lo-necesita-tu-empresa\\\/\"},\"wordCount\":854,\"publisher\":{\"@id\":\"https:\\\/\\\/salago.design\\\/es\\\/#organization\"},\"image\":{\"@id\":\"https:\\\/\\\/salago.design\\\/es\\\/blog\\\/que-es-un-video-corporativo-y-por-que-lo-necesita-tu-empresa\\\/#primaryimage\"},\"thumbnailUrl\":\"https:\\\/\\\/salago.design\\\/wp-content\\\/uploads\\\/2020\\\/01\\\/650a9167aa45f0272f0edc14_que_es_un_video_corporativo_empresa_.jpg\",\"articleSection\":[\"motion\"],\"inLanguage\":\"es\"},{\"@type\":\"WebPage\",\"@id\":\"https:\\\/\\\/salago.design\\\/es\\\/blog\\\/que-es-un-video-corporativo-y-por-que-lo-necesita-tu-empresa\\\/\",\"url\":\"https:\\\/\\\/salago.design\\\/es\\\/blog\\\/que-es-un-video-corporativo-y-por-que-lo-necesita-tu-empresa\\\/\",\"name\":\"\u00bfQu\u00e9 es un v\u00eddeo corporativo?: Todo lo que debes saber\",\"isPartOf\":{\"@id\":\"https:\\\/\\\/salago.design\\\/es\\\/#website\"},\"primaryImageOfPage\":{\"@id\":\"https:\\\/\\\/salago.design\\\/es\\\/blog\\\/que-es-un-video-corporativo-y-por-que-lo-necesita-tu-empresa\\\/#primaryimage\"},\"image\":{\"@id\":\"https:\\\/\\\/salago.design\\\/es\\\/blog\\\/que-es-un-video-corporativo-y-por-que-lo-necesita-tu-empresa\\\/#primaryimage\"},\"thumbnailUrl\":\"https:\\\/\\\/salago.design\\\/wp-content\\\/uploads\\\/2020\\\/01\\\/650a9167aa45f0272f0edc14_que_es_un_video_corporativo_empresa_.jpg\",\"datePublished\":\"2020-01-08T07:30:00+00:00\",\"description\":\"\u00bfQuieres saber qu\u00e9 es un v\u00eddeo corporativo? Hoy te contamos en qu\u00e9 consiste, cu\u00e1les son sus ventajas y por qu\u00e9 es bueno para tu negocio. \u00a1No te lo pierdas!\",\"breadcrumb\":{\"@id\":\"https:\\\/\\\/salago.design\\\/es\\\/blog\\\/que-es-un-video-corporativo-y-por-que-lo-necesita-tu-empresa\\\/#breadcrumb\"},\"inLanguage\":\"es\",\"potentialAction\":[{\"@type\":\"ReadAction\",\"target\":[\"https:\\\/\\\/salago.design\\\/es\\\/blog\\\/que-es-un-video-corporativo-y-por-que-lo-necesita-tu-empresa\\\/\"]}]},{\"@type\":\"ImageObject\",\"inLanguage\":\"es\",\"@id\":\"https:\\\/\\\/salago.design\\\/es\\\/blog\\\/que-es-un-video-corporativo-y-por-que-lo-necesita-tu-empresa\\\/#primaryimage\",\"url\":\"https:\\\/\\\/salago.design\\\/wp-content\\\/uploads\\\/2020\\\/01\\\/650a9167aa45f0272f0edc14_que_es_un_video_corporativo_empresa_.jpg\",\"contentUrl\":\"https:\\\/\\\/salago.design\\\/wp-content\\\/uploads\\\/2020\\\/01\\\/650a9167aa45f0272f0edc14_que_es_un_video_corporativo_empresa_.jpg\",\"width\":850,\"height\":478,\"caption\":\"650a9167aa45f0272f0edc14 que es un video corporativo empresa\"},{\"@type\":\"BreadcrumbList\",\"@id\":\"https:\\\/\\\/salago.design\\\/es\\\/blog\\\/que-es-un-video-corporativo-y-por-que-lo-necesita-tu-empresa\\\/#breadcrumb\",\"itemListElement\":[{\"@type\":\"ListItem\",\"position\":1,\"name\":\"Portada\",\"item\":\"https:\\\/\\\/salago.design\\\/es\\\/\"},{\"@type\":\"ListItem\",\"position\":2,\"name\":\"\u00bfQu\u00e9 es un v\u00eddeo corporativo y por qu\u00e9 lo necesita tu empresa?\"}]},{\"@type\":\"WebSite\",\"@id\":\"https:\\\/\\\/salago.design\\\/es\\\/#website\",\"url\":\"https:\\\/\\\/salago.design\\\/es\\\/\",\"name\":\"Salago Creative\",\"description\":\"\",\"publisher\":{\"@id\":\"https:\\\/\\\/salago.design\\\/es\\\/#organization\"},\"potentialAction\":[{\"@type\":\"SearchAction\",\"target\":{\"@type\":\"EntryPoint\",\"urlTemplate\":\"https:\\\/\\\/salago.design\\\/es\\\/?s={search_term_string}\"},\"query-input\":{\"@type\":\"PropertyValueSpecification\",\"valueRequired\":true,\"valueName\":\"search_term_string\"}}],\"inLanguage\":\"es\"},{\"@type\":\"Organization\",\"@id\":\"https:\\\/\\\/salago.design\\\/es\\\/#organization\",\"name\":\"Salago Creative\",\"url\":\"https:\\\/\\\/salago.design\\\/es\\\/\",\"logo\":{\"@type\":\"ImageObject\",\"inLanguage\":\"es\",\"@id\":\"https:\\\/\\\/salago.design\\\/es\\\/#\\\/schema\\\/logo\\\/image\\\/\",\"url\":\"https:\\\/\\\/salago.design\\\/wp-content\\\/uploads\\\/2026\\\/03\\\/salago.png\",\"contentUrl\":\"https:\\\/\\\/salago.design\\\/wp-content\\\/uploads\\\/2026\\\/03\\\/salago.png\",\"width\":1164,\"height\":460,\"caption\":\"Salago Creative\"},\"image\":{\"@id\":\"https:\\\/\\\/salago.design\\\/es\\\/#\\\/schema\\\/logo\\\/image\\\/\"},\"sameAs\":[\"https:\\\/\\\/www.instagram.com\\\/salago.design\",\"https:\\\/\\\/www.linkedin.com\\\/company\\\/salago-design\"]},{\"@type\":\"Person\",\"@id\":\"https:\\\/\\\/salago.design\\\/es\\\/#\\\/schema\\\/person\\\/1ff76e1ba20b7b6ccd7a986d7260a078\",\"name\":\"admin\",\"image\":{\"@type\":\"ImageObject\",\"inLanguage\":\"es\",\"@id\":\"https:\\\/\\\/secure.gravatar.com\\\/avatar\\\/5b7b07e6fe3d5b1e86ecc9fa6f68a92c5750b325aecccef041b1c0d928bf4f51?s=96&d=mm&r=g\",\"url\":\"https:\\\/\\\/secure.gravatar.com\\\/avatar\\\/5b7b07e6fe3d5b1e86ecc9fa6f68a92c5750b325aecccef041b1c0d928bf4f51?s=96&d=mm&r=g\",\"contentUrl\":\"https:\\\/\\\/secure.gravatar.com\\\/avatar\\\/5b7b07e6fe3d5b1e86ecc9fa6f68a92c5750b325aecccef041b1c0d928bf4f51?s=96&d=mm&r=g\",\"caption\":\"admin\"},\"sameAs\":[\"https:\\\/\\\/salago.design\"],\"url\":\"https:\\\/\\\/salago.design\\\/es\\\/blog\\\/author\\\/admin\\\/\"}]}<\/script>\n<!-- \/ Yoast SEO plugin. -->","yoast_head_json":{"title":"\u00bfQu\u00e9 es un v\u00eddeo corporativo?: Todo lo que debes saber","description":"\u00bfQuieres saber qu\u00e9 es un v\u00eddeo corporativo? Hoy te contamos en qu\u00e9 consiste, cu\u00e1les son sus ventajas y por qu\u00e9 es bueno para tu negocio. \u00a1No te lo pierdas!","robots":{"index":"index","follow":"follow","max-snippet":"max-snippet:-1","max-image-preview":"max-image-preview:large","max-video-preview":"max-video-preview:-1"},"canonical":"https:\/\/salago.design\/es\/blog\/que-es-un-video-corporativo-y-por-que-lo-necesita-tu-empresa\/","og_locale":"es_ES","og_type":"article","og_title":"\u00bfQu\u00e9 es un v\u00eddeo corporativo?: Todo lo que debes saber","og_description":"\u00bfQuieres saber qu\u00e9 es un v\u00eddeo corporativo? Hoy te contamos en qu\u00e9 consiste, cu\u00e1les son sus ventajas y por qu\u00e9 es bueno para tu negocio. \u00a1No te lo pierdas!","og_url":"https:\/\/salago.design\/es\/blog\/que-es-un-video-corporativo-y-por-que-lo-necesita-tu-empresa\/","og_site_name":"Salago Creative","article_published_time":"2020-01-08T07:30:00+00:00","og_image":[{"width":850,"height":478,"url":"https:\/\/new.salago.design\/wp-content\/uploads\/2020\/01\/650a9167aa45f0272f0edc14_que_es_un_video_corporativo_empresa_.jpg","type":"image\/jpeg"}],"author":"admin","twitter_card":"summary_large_image","twitter_misc":{"Escrito por":"admin","Tiempo de lectura":"4 minutos"},"schema":{"@context":"https:\/\/schema.org","@graph":[{"@type":"Article","@id":"https:\/\/salago.design\/es\/blog\/que-es-un-video-corporativo-y-por-que-lo-necesita-tu-empresa\/#article","isPartOf":{"@id":"https:\/\/salago.design\/es\/blog\/que-es-un-video-corporativo-y-por-que-lo-necesita-tu-empresa\/"},"author":{"name":"admin","@id":"https:\/\/salago.design\/es\/#\/schema\/person\/1ff76e1ba20b7b6ccd7a986d7260a078"},"headline":"\u00bfQu\u00e9 es un v\u00eddeo corporativo y por qu\u00e9 lo necesita tu empresa?","datePublished":"2020-01-08T07:30:00+00:00","mainEntityOfPage":{"@id":"https:\/\/salago.design\/es\/blog\/que-es-un-video-corporativo-y-por-que-lo-necesita-tu-empresa\/"},"wordCount":854,"publisher":{"@id":"https:\/\/salago.design\/es\/#organization"},"image":{"@id":"https:\/\/salago.design\/es\/blog\/que-es-un-video-corporativo-y-por-que-lo-necesita-tu-empresa\/#primaryimage"},"thumbnailUrl":"https:\/\/salago.design\/wp-content\/uploads\/2020\/01\/650a9167aa45f0272f0edc14_que_es_un_video_corporativo_empresa_.jpg","articleSection":["motion"],"inLanguage":"es"},{"@type":"WebPage","@id":"https:\/\/salago.design\/es\/blog\/que-es-un-video-corporativo-y-por-que-lo-necesita-tu-empresa\/","url":"https:\/\/salago.design\/es\/blog\/que-es-un-video-corporativo-y-por-que-lo-necesita-tu-empresa\/","name":"\u00bfQu\u00e9 es un v\u00eddeo corporativo?: Todo lo que debes saber","isPartOf":{"@id":"https:\/\/salago.design\/es\/#website"},"primaryImageOfPage":{"@id":"https:\/\/salago.design\/es\/blog\/que-es-un-video-corporativo-y-por-que-lo-necesita-tu-empresa\/#primaryimage"},"image":{"@id":"https:\/\/salago.design\/es\/blog\/que-es-un-video-corporativo-y-por-que-lo-necesita-tu-empresa\/#primaryimage"},"thumbnailUrl":"https:\/\/salago.design\/wp-content\/uploads\/2020\/01\/650a9167aa45f0272f0edc14_que_es_un_video_corporativo_empresa_.jpg","datePublished":"2020-01-08T07:30:00+00:00","description":"\u00bfQuieres saber qu\u00e9 es un v\u00eddeo corporativo? Hoy te contamos en qu\u00e9 consiste, cu\u00e1les son sus ventajas y por qu\u00e9 es bueno para tu negocio. \u00a1No te lo pierdas!","breadcrumb":{"@id":"https:\/\/salago.design\/es\/blog\/que-es-un-video-corporativo-y-por-que-lo-necesita-tu-empresa\/#breadcrumb"},"inLanguage":"es","potentialAction":[{"@type":"ReadAction","target":["https:\/\/salago.design\/es\/blog\/que-es-un-video-corporativo-y-por-que-lo-necesita-tu-empresa\/"]}]},{"@type":"ImageObject","inLanguage":"es","@id":"https:\/\/salago.design\/es\/blog\/que-es-un-video-corporativo-y-por-que-lo-necesita-tu-empresa\/#primaryimage","url":"https:\/\/salago.design\/wp-content\/uploads\/2020\/01\/650a9167aa45f0272f0edc14_que_es_un_video_corporativo_empresa_.jpg","contentUrl":"https:\/\/salago.design\/wp-content\/uploads\/2020\/01\/650a9167aa45f0272f0edc14_que_es_un_video_corporativo_empresa_.jpg","width":850,"height":478,"caption":"650a9167aa45f0272f0edc14 que es un video corporativo empresa"},{"@type":"BreadcrumbList","@id":"https:\/\/salago.design\/es\/blog\/que-es-un-video-corporativo-y-por-que-lo-necesita-tu-empresa\/#breadcrumb","itemListElement":[{"@type":"ListItem","position":1,"name":"Portada","item":"https:\/\/salago.design\/es\/"},{"@type":"ListItem","position":2,"name":"\u00bfQu\u00e9 es un v\u00eddeo corporativo y por qu\u00e9 lo necesita tu empresa?"}]},{"@type":"WebSite","@id":"https:\/\/salago.design\/es\/#website","url":"https:\/\/salago.design\/es\/","name":"Salago Creative","description":"","publisher":{"@id":"https:\/\/salago.design\/es\/#organization"},"potentialAction":[{"@type":"SearchAction","target":{"@type":"EntryPoint","urlTemplate":"https:\/\/salago.design\/es\/?s={search_term_string}"},"query-input":{"@type":"PropertyValueSpecification","valueRequired":true,"valueName":"search_term_string"}}],"inLanguage":"es"},{"@type":"Organization","@id":"https:\/\/salago.design\/es\/#organization","name":"Salago Creative","url":"https:\/\/salago.design\/es\/","logo":{"@type":"ImageObject","inLanguage":"es","@id":"https:\/\/salago.design\/es\/#\/schema\/logo\/image\/","url":"https:\/\/salago.design\/wp-content\/uploads\/2026\/03\/salago.png","contentUrl":"https:\/\/salago.design\/wp-content\/uploads\/2026\/03\/salago.png","width":1164,"height":460,"caption":"Salago Creative"},"image":{"@id":"https:\/\/salago.design\/es\/#\/schema\/logo\/image\/"},"sameAs":["https:\/\/www.instagram.com\/salago.design","https:\/\/www.linkedin.com\/company\/salago-design"]},{"@type":"Person","@id":"https:\/\/salago.design\/es\/#\/schema\/person\/1ff76e1ba20b7b6ccd7a986d7260a078","name":"admin","image":{"@type":"ImageObject","inLanguage":"es","@id":"https:\/\/secure.gravatar.com\/avatar\/5b7b07e6fe3d5b1e86ecc9fa6f68a92c5750b325aecccef041b1c0d928bf4f51?s=96&d=mm&r=g","url":"https:\/\/secure.gravatar.com\/avatar\/5b7b07e6fe3d5b1e86ecc9fa6f68a92c5750b325aecccef041b1c0d928bf4f51?s=96&d=mm&r=g","contentUrl":"https:\/\/secure.gravatar.com\/avatar\/5b7b07e6fe3d5b1e86ecc9fa6f68a92c5750b325aecccef041b1c0d928bf4f51?s=96&d=mm&r=g","caption":"admin"},"sameAs":["https:\/\/salago.design"],"url":"https:\/\/salago.design\/es\/blog\/author\/admin\/"}]}},"_links":{"self":[{"href":"https:\/\/salago.design\/es\/wp-json\/wp\/v2\/posts\/4249","targetHints":{"allow":["GET"]}}],"collection":[{"href":"https:\/\/salago.design\/es\/wp-json\/wp\/v2\/posts"}],"about":[{"href":"https:\/\/salago.design\/es\/wp-json\/wp\/v2\/types\/post"}],"author":[{"embeddable":true,"href":"https:\/\/salago.design\/es\/wp-json\/wp\/v2\/users\/1"}],"replies":[{"embeddable":true,"href":"https:\/\/salago.design\/es\/wp-json\/wp\/v2\/comments?post=4249"}],"version-history":[{"count":0,"href":"https:\/\/salago.design\/es\/wp-json\/wp\/v2\/posts\/4249\/revisions"}],"wp:featuredmedia":[{"embeddable":true,"href":"https:\/\/salago.design\/es\/wp-json\/wp\/v2\/media\/4234"}],"wp:attachment":[{"href":"https:\/\/salago.design\/es\/wp-json\/wp\/v2\/media?parent=4249"}],"wp:term":[{"taxonomy":"category","embeddable":true,"href":"https:\/\/salago.design\/es\/wp-json\/wp\/v2\/categories?post=4249"},{"taxonomy":"post_tag","embeddable":true,"href":"https:\/\/salago.design\/es\/wp-json\/wp\/v2\/tags?post=4249"}],"curies":[{"name":"wp","href":"https:\/\/api.w.org\/{rel}","templated":true}]}}