{"id":4248,"date":"2019-12-13T12:53:00","date_gmt":"2019-12-13T12:53:00","guid":{"rendered":"https:\/\/new.salago.design\/sin-categorizar\/retorica-visual-imagenes-y-diseno-grafico\/"},"modified":"2019-12-13T12:53:00","modified_gmt":"2019-12-13T12:53:00","slug":"retorica-visual-imagenes-y-diseno-grafico","status":"publish","type":"post","link":"https:\/\/salago.design\/es\/blog\/retorica-visual-imagenes-y-diseno-grafico\/","title":{"rendered":"Ret\u00f3rica visual: Im\u00e1genes y dise\u00f1o gr\u00e1fico"},"content":{"rendered":"<p id=\"\"><strong id=\"\"><em id=\"\">\u00bfCansado de hacer siempre el mismo tipo de im\u00e1genes? \u00bfTus clientes necesitan una est\u00e9tica diferente? \u00bfCu\u00e1les son tus recursos?  <\/em><\/strong><\/p>\n<p id=\"\">El lenguaje escrito es un territorio que se carga f\u00e1cilmente de formas y significados cuando se traslada del pensamiento a la pantalla. Con met\u00e1foras, metonimias, s\u00edmiles, ant\u00edtesis y mucho m\u00e1s. Los textos importan\u2026 A medias. \u00bf<strong id=\"\">Qu\u00e9 pasa con las im\u00e1genes<\/strong>?<\/p>\n<p id=\"\">La ret\u00f3rica visual se ha presentado como un <strong id=\"\">recurso ideal para persuadir y transmitir <\/strong>a los usuarios algo diferente. Es ya un fen\u00f3meno con historia, pero sigue siendo un recurso fant\u00e1stico para llegar a la patata del p\u00fablico: mostrar dos caracter\u00edsticas de un producto, mostrarlo de forma original, destacar alg\u00fan elemento de la marca\u2026 <\/p>\n<p id=\"\">\u00bfJugamos? A la ret\u00f3rica le gusta hacerlo con <strong id=\"\">los significados en las im\u00e1genes<\/strong>. Mira estas portadas de libros: <a href=\"https:\/\/proassetspdlcom.cdnstatics2.com\/usuaris\/libros_contenido\/arxius\/30\/29176_Urbrands.pdf\" target=\"_blank\">Urbrands<\/a>, de Risto Mejide; <a href=\"https:\/\/www.iberlibro.com\/Panorama-Biologia-Contemporanea-Vvaa-Alianza-Universidad\/31406216096\/bd\" target=\"_blank\">Panorama de la biolog\u00eda contempor\u00e1nea<\/a>, de A. L. Lehninger, A. J. Marshall y otros, <a href=\"https:\/\/books.google.es\/books?id=9zNzc-H4WMsC&amp;pg=PT33&amp;lpg=PT33&amp;dq=Why+They+Cried+portada&amp;source=bl&amp;ots=4Eq03Nl3Sf&amp;sig=ACfU3U221qw5SMSyQ2Aaq83Qws7C_9mX3g&amp;hl=es&amp;sa=X&amp;ved=2ahUKEwirn67E2-7kAhUF4BoKHdCqC0cQ6AEwGHoECAgQAQ#v=onepage&amp;q=Why%20They%20Cried%20portada&amp;f=false\" target=\"_blank\">Why They Cried<\/a>, de Jim Hanas. \u00bfQu\u00e9 te parecen?   <\/p>\n<p id=\"\">\u00bfQu\u00e9 haces cuando tus clientes necesitan un dise\u00f1o de im\u00e1genes diferente? Tiramos de cl\u00e1sicos que seguramente conocer\u00e1s y que hoy recordamos por seguir siendo un <strong id=\"\">recurso fant\u00e1stico en el dise\u00f1o gr\u00e1fico<\/strong>. <\/p>\n<h2 id=\"\">Transmitiendo nuevos significados<\/h2>\n<p id=\"\">Las im\u00e1genes son un recurso de comunicaci\u00f3n visual con mucho poder\u00edo. Transmiten mensajes a la velocidad de un rayo, nos aportan la inmediatez y la persuasi\u00f3n que a veces el texto no puede conseguir por s\u00ed solo. Las im\u00e1genes le echan una mano y, cuando se juntan\u2026. \u00a1Wingardiuim Leviosa! <strong id=\"\">Fluye la persuasi\u00f3n<\/strong>.   <\/p>\n<p id=\"\">Hay veces que las marcas quieren transmitir <strong id=\"\">significados nuevos y emociones diferentes<\/strong>. Para conseguirlo, los dise\u00f1adores gr\u00e1ficos utilizan muchas veces la ret\u00f3rica visual. Es ideal para transmitir significados y emociones que van m\u00e1s all\u00e1 de lo literal. Y lo mejor es que no han pasado de moda, tienen su parte de anta\u00f1o y su parte de actualidad. Aqu\u00ed un repaso de las figuras ret\u00f3ricas visuales m\u00e1s utilizadas en publicidad, dise\u00f1o gr\u00e1fico e ilustraci\u00f3n. \u00bfT\u00fa tambi\u00e9n las utilizas? \u00bfAlguna vez has necesitado un dise\u00f1o que no pudiste reproducir?      <\/p>\n<p id=\"\">En <a href=\"https:\/\/www.salago.design\/\">Salago<\/a> podemos echarte un cable para dar a tus clientes un toque diferente. Somos creativos, cercanos, hablamos alto y claro. Todos somos hermanos, hijos del dise\u00f1o.  <\/p>\n<h2 id=\"\">La forma que adquieren las im\u00e1genes en el dise\u00f1o gr\u00e1fico<\/h2>\n<p id=\"\">Tenemos la suerte de pertenecer a un sector donde no existen los imposibles. \u00bfLo sue\u00f1as? Lo creas. \u00bfLo piensas? Lo reproduces. \u00bfLo consigues? Gustazo. Transformar <strong id=\"\">lo com\u00fan en algo extraordinario <\/strong>es el don de quienes comunican visualmente mensajes con objetivos claros y logran reproducirlos en la mente del p\u00fablico. La ret\u00f3rica visual es una herramienta fet\u00e9n para ellos y se manifiesta en formas tan creativas como estas:        <\/p>\n<ul id=\"\">\n<li id=\"\"><strong id=\"\">Tipogramas.<\/strong> Juego, juego y m\u00e1s juego tipogr\u00e1fico que desemboca en una composici\u00f3n visual. Su valor se encuentra en la est\u00e9tica de la composici\u00f3n m\u00e1s que en aquello que se dice con el texto en s\u00ed. Tipograf\u00edas diferentes, mezcla de formas, recursos gr\u00e1ficos que reproducen la idea a la que se refieren. <a href=\"https:\/\/www.frogx3.com\/wp-content\/uploads\/2012\/08\/regaine-thinner.jpeg\" target=\"_blank\">Haz clic para ver un ejemplo<\/a>.  <\/li>\n<li id=\"\"><strong id=\"\">Sin\u00e9cdoque visual<\/strong>. \u00bfLa has usado alguna vez? Se representa con una imagen que tiene una conexi\u00f3n inherente o alg\u00fan tipo de vinculaci\u00f3n intr\u00ednseca con lo que se evoca. Imagina la imagen de las Torres Kio evocando a la ciudad de Madrid. O un hueso con la imagen de un perro. La sin\u00e9cdoque es ideal cuando lo que se quiere representar es reconocido de forma universal. <a href=\"https:\/\/www.informabtl.com\/sinecdoque-la-retorica-de-las-partes-10-piezas-publicitarias\/\" target=\"_blank\">Mira este ejemplo<\/a>.     <\/li>\n<li id=\"\"><strong id=\"\">Met\u00e1fora visual<\/strong>. Consiste en mostrar una imagen para significar otra. El significado se transmite a trav\u00e9s de la comparaci\u00f3n. Sin embargo, estas im\u00e1genes no tienen por qu\u00e9 tener alguna semejanza entre ellas. Aqu\u00ed un ejemplo de Chema Madoz.    <\/li>\n<li id=\"\"><strong id=\"\">Metonimia visual<\/strong>. Visualmente, es un recurso parecido a la sin\u00e9cdoque y la met\u00e1fora, pero tiene una diferencia clara: el significado de im\u00e1genes no guarda ni semejanza ni una vinculaci\u00f3n intr\u00ednseca. Lo que sucede es una causa-efecto, un continente-contenido, un productor-producto, un autor-obra, etc. <a href=\"http:\/\/treshombresymediouniovi.blogspot.com\/2013\/04\/la-metonimia.html\" target=\"_blank\">M\u00e1s claro en estas im\u00e1genes<\/a>.  <\/li>\n<li id=\"\"><strong id=\"\">Ant\u00edtesis visual<\/strong>. Se usa cuando se muestran algunas im\u00e1genes opuestas por alguna raz\u00f3n o cualidad. Por ejemplo: para mostrar el antes y el despu\u00e9s de algo, la relaci\u00f3n hombre-mujer, blanco y negro, etc. <a href=\"http:\/\/artesvisuales31.blogspot.com\/2012\/09\/figuras-retoricas-utilizadas-en-la.html\" target=\"_blank\">Compru\u00e9balo con tus ojos<\/a>.  <\/li>\n<li id=\"\"><strong id=\"\">S\u00edmil visual. <\/strong>Relacionan caracter\u00edsticas y productos. Imagina el envase de alg\u00fan alimento en el que se usan colores verdes para sugerir al consumidor que ese producto es ecol\u00f3gico. Ahora, <a href=\"https:\/\/nicolelcibitacora.wordpress.com\/2014\/04\/01\/simil\/\" target=\"_blank\">mira este ejemplo<\/a>.  <\/li>\n<li id=\"\"><strong id=\"\">Analog\u00eda visual. <\/strong>Debe ser sencilla para que el p\u00fablico pueda interpretarla f\u00e1cilmente. Es ideal para establecer semejanzas entre cosas distintas. Mira este caso del k\u00e9tchup con la <a href=\"https:\/\/i.pinimg.com\/originals\/16\/50\/51\/165051fc3d57c5ebe1ad9855f2e2c051.jpg\" target=\"_blank\">analog\u00eda de una lengua<\/a>.  <\/li>\n<li id=\"\"><strong id=\"\">Hip\u00e9rbole visual. <\/strong>En dise\u00f1o se utiliza, sobre todo, para destacar o reforzar alguna caracter\u00edstica. En al anterior ejemplo tambi\u00e9n aparec\u00eda una bota con la que la marca pretend\u00eda destacar su dureza. Vas a volver a mirarlo \u00bfverdad?  <\/li>\n<\/ul>\n<p id=\"\">Este tipo de formas son muy habituales en publicidad y marketing. Las vemos a menudo por su capacidad para transmitir mensajes sin la necesidad de utilizar el texto. Pero <strong id=\"\">no son las \u00fanicas formas que las im\u00e1genes pueden adquirir <\/strong>en el dise\u00f1o gr\u00e1fico, existen infinidad de tipos que puedes utilizar para representar lo que tus clientes necesitan: elipsis, humorismo, sarcasmo erotema, sentencia, onomatopeya\u2026  <\/p>\n<h2 id=\"\">\u00bfDe d\u00f3nde viene la ret\u00f3rica visual?<\/h2>\n<p id=\"\">Vigente-anta\u00f1o. Con <strong id=\"\">origen en la pol\u00edtica<\/strong>. Con el paso de los a\u00f1os, se ha ido extendiendo a todos los \u00e1mbitos, y sus significados literal y simb\u00f3lico nos trasladan a la persuasi\u00f3n.  <\/p>\n<p id=\"\">Es una de las herramientas m\u00e1s utilizadas en la publicidad de todos los tiempos porque permite construir los mensajes textuales y visuales que se quieren transmitir al espectador. Sin complicaciones.  <strong id=\"\">Ideas originales, elaboradas, fluidas, flexibles y persuasivas.<\/strong> Una de las tareas que se solicitan habitualmente al dise\u00f1ador gr\u00e1fico es la de crear la imagen gr\u00e1fica de una empresa, desde el propio concepto de la marca hasta su aplicaci\u00f3n en distintos soportes. La ret\u00f3rica puede formar parte de dicho proceso de estructuraci\u00f3n de la identidad corporativa. <\/p>\n<p id=\"\">Podemos ayudarte a conseguir el toque que tus clientes necesitan. Hemos aprendido de muchos sectores, as\u00ed que si est\u00e1s buscando un <a href=\"https:\/\/www.salago.design\/\" target=\"_blank\"><strong id=\"\">estudio de dise\u00f1o<\/strong><\/a> que entienda tus necesidades, \u00a1BIENVENIDO! <\/p>\n<p id=\"\">\u200d<\/p>\n","protected":false},"excerpt":{"rendered":"<p>\u00bfCansado de hacer siempre el mismo tipo de im\u00e1genes? \u00bfTus clientes necesitan una est\u00e9tica diferente? \u00bfCu\u00e1les son tus recursos? El [&hellip;]<\/p>\n","protected":false},"author":1,"featured_media":4235,"comment_status":"closed","ping_status":"open","sticky":false,"template":"","format":"standard","meta":{"site-sidebar-layout":"default","site-content-layout":"","ast-site-content-layout":"full-width-container","site-content-style":"default","site-sidebar-style":"default","ast-global-header-display":"","ast-banner-title-visibility":"","ast-main-header-display":"","ast-hfb-above-header-display":"","ast-hfb-below-header-display":"","ast-hfb-mobile-header-display":"","site-post-title":"","ast-breadcrumbs-content":"","ast-featured-img":"","footer-sml-layout":"","ast-disable-related-posts":"","theme-transparent-header-meta":"","adv-header-id-meta":"","stick-header-meta":"","header-above-stick-meta":"","header-main-stick-meta":"","header-below-stick-meta":"","astra-migrate-meta-layouts":"default","ast-page-background-enabled":"default","ast-page-background-meta":{"desktop":{"background-color":"var(--ast-global-color-5)","background-image":"","background-repeat":"repeat","background-position":"center center","background-size":"auto","background-attachment":"scroll","background-type":"","background-media":"","overlay-type":"","overlay-color":"","overlay-opacity":"","overlay-gradient":""},"tablet":{"background-color":"","background-image":"","background-repeat":"repeat","background-position":"center center","background-size":"auto","background-attachment":"scroll","background-type":"","background-media":"","overlay-type":"","overlay-color":"","overlay-opacity":"","overlay-gradient":""},"mobile":{"background-color":"","background-image":"","background-repeat":"repeat","background-position":"center center","background-size":"auto","background-attachment":"scroll","background-type":"","background-media":"","overlay-type":"","overlay-color":"","overlay-opacity":"","overlay-gradient":""}},"ast-content-background-meta":{"desktop":{"background-color":"var(--ast-global-color-4)","background-image":"","background-repeat":"repeat","background-position":"center center","background-size":"auto","background-attachment":"scroll","background-type":"","background-media":"","overlay-type":"","overlay-color":"","overlay-opacity":"","overlay-gradient":""},"tablet":{"background-color":"var(--ast-global-color-4)","background-image":"","background-repeat":"repeat","background-position":"center center","background-size":"auto","background-attachment":"scroll","background-type":"","background-media":"","overlay-type":"","overlay-color":"","overlay-opacity":"","overlay-gradient":""},"mobile":{"background-color":"var(--ast-global-color-4)","background-image":"","background-repeat":"repeat","background-position":"center center","background-size":"auto","background-attachment":"scroll","background-type":"","background-media":"","overlay-type":"","overlay-color":"","overlay-opacity":"","overlay-gradient":""}},"footnotes":""},"categories":[24],"tags":[],"class_list":["post-4248","post","type-post","status-publish","format-standard","has-post-thumbnail","hentry","category-branding"],"yoast_head":"<!-- This site is optimized with the Yoast SEO plugin v27.3 - https:\/\/yoast.com\/product\/yoast-seo-wordpress\/ -->\n<title>Claves de la ret\u00f3rica visual para el dise\u00f1o gr\u00e1fico<\/title>\n<meta name=\"description\" content=\"Ret\u00f3rica visual: descubre los secretos de esta gran aliada del dise\u00f1o gr\u00e1fico, c\u00f3mo se puede utilizar para transmitir ideas y, c\u00f3mo no, \u00a1algunos ejemplos!\" \/>\n<meta name=\"robots\" content=\"index, follow, max-snippet:-1, max-image-preview:large, max-video-preview:-1\" \/>\n<link rel=\"canonical\" href=\"https:\/\/salago.design\/es\/blog\/retorica-visual-imagenes-y-diseno-grafico\/\" \/>\n<meta property=\"og:locale\" content=\"es_ES\" \/>\n<meta property=\"og:type\" content=\"article\" \/>\n<meta property=\"og:title\" content=\"Claves de la ret\u00f3rica visual para el dise\u00f1o gr\u00e1fico\" \/>\n<meta property=\"og:description\" content=\"Ret\u00f3rica visual: descubre los secretos de esta gran aliada del dise\u00f1o gr\u00e1fico, c\u00f3mo se puede utilizar para transmitir ideas y, c\u00f3mo no, \u00a1algunos ejemplos!\" \/>\n<meta property=\"og:url\" content=\"https:\/\/salago.design\/es\/blog\/retorica-visual-imagenes-y-diseno-grafico\/\" \/>\n<meta property=\"og:site_name\" content=\"Salago Creative\" \/>\n<meta property=\"article:published_time\" content=\"2019-12-13T12:53:00+00:00\" \/>\n<meta property=\"og:image\" content=\"https:\/\/new.salago.design\/wp-content\/uploads\/2019\/12\/65083a4011a836a176829a0a_Para_que_sirve_la_retorica_visual_del_diseno_grafico.jpg\" \/>\n\t<meta property=\"og:image:width\" content=\"1920\" \/>\n\t<meta property=\"og:image:height\" content=\"1080\" \/>\n\t<meta property=\"og:image:type\" content=\"image\/jpeg\" \/>\n<meta name=\"author\" content=\"admin\" \/>\n<meta name=\"twitter:card\" content=\"summary_large_image\" \/>\n<meta name=\"twitter:label1\" content=\"Escrito por\" \/>\n\t<meta name=\"twitter:data1\" content=\"admin\" \/>\n\t<meta name=\"twitter:label2\" content=\"Tiempo de lectura\" \/>\n\t<meta name=\"twitter:data2\" content=\"6 minutos\" \/>\n<script type=\"application\/ld+json\" class=\"yoast-schema-graph\">{\"@context\":\"https:\\\/\\\/schema.org\",\"@graph\":[{\"@type\":\"Article\",\"@id\":\"https:\\\/\\\/salago.design\\\/es\\\/blog\\\/retorica-visual-imagenes-y-diseno-grafico\\\/#article\",\"isPartOf\":{\"@id\":\"https:\\\/\\\/salago.design\\\/es\\\/blog\\\/retorica-visual-imagenes-y-diseno-grafico\\\/\"},\"author\":{\"name\":\"admin\",\"@id\":\"https:\\\/\\\/salago.design\\\/es\\\/#\\\/schema\\\/person\\\/1ff76e1ba20b7b6ccd7a986d7260a078\"},\"headline\":\"Ret\u00f3rica visual: Im\u00e1genes y dise\u00f1o gr\u00e1fico\",\"datePublished\":\"2019-12-13T12:53:00+00:00\",\"mainEntityOfPage\":{\"@id\":\"https:\\\/\\\/salago.design\\\/es\\\/blog\\\/retorica-visual-imagenes-y-diseno-grafico\\\/\"},\"wordCount\":1125,\"publisher\":{\"@id\":\"https:\\\/\\\/salago.design\\\/es\\\/#organization\"},\"image\":{\"@id\":\"https:\\\/\\\/salago.design\\\/es\\\/blog\\\/retorica-visual-imagenes-y-diseno-grafico\\\/#primaryimage\"},\"thumbnailUrl\":\"https:\\\/\\\/salago.design\\\/wp-content\\\/uploads\\\/2019\\\/12\\\/65083a4011a836a176829a0a_Para_que_sirve_la_retorica_visual_del_diseno_grafico.jpg\",\"articleSection\":[\"branding\"],\"inLanguage\":\"es\"},{\"@type\":\"WebPage\",\"@id\":\"https:\\\/\\\/salago.design\\\/es\\\/blog\\\/retorica-visual-imagenes-y-diseno-grafico\\\/\",\"url\":\"https:\\\/\\\/salago.design\\\/es\\\/blog\\\/retorica-visual-imagenes-y-diseno-grafico\\\/\",\"name\":\"Claves de la ret\u00f3rica visual para el dise\u00f1o gr\u00e1fico\",\"isPartOf\":{\"@id\":\"https:\\\/\\\/salago.design\\\/es\\\/#website\"},\"primaryImageOfPage\":{\"@id\":\"https:\\\/\\\/salago.design\\\/es\\\/blog\\\/retorica-visual-imagenes-y-diseno-grafico\\\/#primaryimage\"},\"image\":{\"@id\":\"https:\\\/\\\/salago.design\\\/es\\\/blog\\\/retorica-visual-imagenes-y-diseno-grafico\\\/#primaryimage\"},\"thumbnailUrl\":\"https:\\\/\\\/salago.design\\\/wp-content\\\/uploads\\\/2019\\\/12\\\/65083a4011a836a176829a0a_Para_que_sirve_la_retorica_visual_del_diseno_grafico.jpg\",\"datePublished\":\"2019-12-13T12:53:00+00:00\",\"description\":\"Ret\u00f3rica visual: descubre los secretos de esta gran aliada del dise\u00f1o gr\u00e1fico, c\u00f3mo se puede utilizar para transmitir ideas y, c\u00f3mo no, \u00a1algunos ejemplos!\",\"breadcrumb\":{\"@id\":\"https:\\\/\\\/salago.design\\\/es\\\/blog\\\/retorica-visual-imagenes-y-diseno-grafico\\\/#breadcrumb\"},\"inLanguage\":\"es\",\"potentialAction\":[{\"@type\":\"ReadAction\",\"target\":[\"https:\\\/\\\/salago.design\\\/es\\\/blog\\\/retorica-visual-imagenes-y-diseno-grafico\\\/\"]}]},{\"@type\":\"ImageObject\",\"inLanguage\":\"es\",\"@id\":\"https:\\\/\\\/salago.design\\\/es\\\/blog\\\/retorica-visual-imagenes-y-diseno-grafico\\\/#primaryimage\",\"url\":\"https:\\\/\\\/salago.design\\\/wp-content\\\/uploads\\\/2019\\\/12\\\/65083a4011a836a176829a0a_Para_que_sirve_la_retorica_visual_del_diseno_grafico.jpg\",\"contentUrl\":\"https:\\\/\\\/salago.design\\\/wp-content\\\/uploads\\\/2019\\\/12\\\/65083a4011a836a176829a0a_Para_que_sirve_la_retorica_visual_del_diseno_grafico.jpg\",\"width\":1920,\"height\":1080,\"caption\":\"65083a4011a836a176829a0a Para que sirve la retorica visual del diseno grafico\"},{\"@type\":\"BreadcrumbList\",\"@id\":\"https:\\\/\\\/salago.design\\\/es\\\/blog\\\/retorica-visual-imagenes-y-diseno-grafico\\\/#breadcrumb\",\"itemListElement\":[{\"@type\":\"ListItem\",\"position\":1,\"name\":\"Portada\",\"item\":\"https:\\\/\\\/salago.design\\\/es\\\/\"},{\"@type\":\"ListItem\",\"position\":2,\"name\":\"Ret\u00f3rica visual: Im\u00e1genes y dise\u00f1o gr\u00e1fico\"}]},{\"@type\":\"WebSite\",\"@id\":\"https:\\\/\\\/salago.design\\\/es\\\/#website\",\"url\":\"https:\\\/\\\/salago.design\\\/es\\\/\",\"name\":\"Salago Creative\",\"description\":\"\",\"publisher\":{\"@id\":\"https:\\\/\\\/salago.design\\\/es\\\/#organization\"},\"potentialAction\":[{\"@type\":\"SearchAction\",\"target\":{\"@type\":\"EntryPoint\",\"urlTemplate\":\"https:\\\/\\\/salago.design\\\/es\\\/?s={search_term_string}\"},\"query-input\":{\"@type\":\"PropertyValueSpecification\",\"valueRequired\":true,\"valueName\":\"search_term_string\"}}],\"inLanguage\":\"es\"},{\"@type\":\"Organization\",\"@id\":\"https:\\\/\\\/salago.design\\\/es\\\/#organization\",\"name\":\"Salago Creative\",\"url\":\"https:\\\/\\\/salago.design\\\/es\\\/\",\"logo\":{\"@type\":\"ImageObject\",\"inLanguage\":\"es\",\"@id\":\"https:\\\/\\\/salago.design\\\/es\\\/#\\\/schema\\\/logo\\\/image\\\/\",\"url\":\"https:\\\/\\\/salago.design\\\/wp-content\\\/uploads\\\/2026\\\/03\\\/salago.png\",\"contentUrl\":\"https:\\\/\\\/salago.design\\\/wp-content\\\/uploads\\\/2026\\\/03\\\/salago.png\",\"width\":1164,\"height\":460,\"caption\":\"Salago Creative\"},\"image\":{\"@id\":\"https:\\\/\\\/salago.design\\\/es\\\/#\\\/schema\\\/logo\\\/image\\\/\"},\"sameAs\":[\"https:\\\/\\\/www.instagram.com\\\/salago.design\",\"https:\\\/\\\/www.linkedin.com\\\/company\\\/salago-design\"]},{\"@type\":\"Person\",\"@id\":\"https:\\\/\\\/salago.design\\\/es\\\/#\\\/schema\\\/person\\\/1ff76e1ba20b7b6ccd7a986d7260a078\",\"name\":\"admin\",\"image\":{\"@type\":\"ImageObject\",\"inLanguage\":\"es\",\"@id\":\"https:\\\/\\\/secure.gravatar.com\\\/avatar\\\/5b7b07e6fe3d5b1e86ecc9fa6f68a92c5750b325aecccef041b1c0d928bf4f51?s=96&d=mm&r=g\",\"url\":\"https:\\\/\\\/secure.gravatar.com\\\/avatar\\\/5b7b07e6fe3d5b1e86ecc9fa6f68a92c5750b325aecccef041b1c0d928bf4f51?s=96&d=mm&r=g\",\"contentUrl\":\"https:\\\/\\\/secure.gravatar.com\\\/avatar\\\/5b7b07e6fe3d5b1e86ecc9fa6f68a92c5750b325aecccef041b1c0d928bf4f51?s=96&d=mm&r=g\",\"caption\":\"admin\"},\"sameAs\":[\"https:\\\/\\\/salago.design\"],\"url\":\"https:\\\/\\\/salago.design\\\/es\\\/blog\\\/author\\\/admin\\\/\"}]}<\/script>\n<!-- \/ Yoast SEO plugin. -->","yoast_head_json":{"title":"Claves de la ret\u00f3rica visual para el dise\u00f1o gr\u00e1fico","description":"Ret\u00f3rica visual: descubre los secretos de esta gran aliada del dise\u00f1o gr\u00e1fico, c\u00f3mo se puede utilizar para transmitir ideas y, c\u00f3mo no, \u00a1algunos ejemplos!","robots":{"index":"index","follow":"follow","max-snippet":"max-snippet:-1","max-image-preview":"max-image-preview:large","max-video-preview":"max-video-preview:-1"},"canonical":"https:\/\/salago.design\/es\/blog\/retorica-visual-imagenes-y-diseno-grafico\/","og_locale":"es_ES","og_type":"article","og_title":"Claves de la ret\u00f3rica visual para el dise\u00f1o gr\u00e1fico","og_description":"Ret\u00f3rica visual: descubre los secretos de esta gran aliada del dise\u00f1o gr\u00e1fico, c\u00f3mo se puede utilizar para transmitir ideas y, c\u00f3mo no, \u00a1algunos ejemplos!","og_url":"https:\/\/salago.design\/es\/blog\/retorica-visual-imagenes-y-diseno-grafico\/","og_site_name":"Salago Creative","article_published_time":"2019-12-13T12:53:00+00:00","og_image":[{"width":1920,"height":1080,"url":"https:\/\/new.salago.design\/wp-content\/uploads\/2019\/12\/65083a4011a836a176829a0a_Para_que_sirve_la_retorica_visual_del_diseno_grafico.jpg","type":"image\/jpeg"}],"author":"admin","twitter_card":"summary_large_image","twitter_misc":{"Escrito por":"admin","Tiempo de lectura":"6 minutos"},"schema":{"@context":"https:\/\/schema.org","@graph":[{"@type":"Article","@id":"https:\/\/salago.design\/es\/blog\/retorica-visual-imagenes-y-diseno-grafico\/#article","isPartOf":{"@id":"https:\/\/salago.design\/es\/blog\/retorica-visual-imagenes-y-diseno-grafico\/"},"author":{"name":"admin","@id":"https:\/\/salago.design\/es\/#\/schema\/person\/1ff76e1ba20b7b6ccd7a986d7260a078"},"headline":"Ret\u00f3rica visual: Im\u00e1genes y dise\u00f1o gr\u00e1fico","datePublished":"2019-12-13T12:53:00+00:00","mainEntityOfPage":{"@id":"https:\/\/salago.design\/es\/blog\/retorica-visual-imagenes-y-diseno-grafico\/"},"wordCount":1125,"publisher":{"@id":"https:\/\/salago.design\/es\/#organization"},"image":{"@id":"https:\/\/salago.design\/es\/blog\/retorica-visual-imagenes-y-diseno-grafico\/#primaryimage"},"thumbnailUrl":"https:\/\/salago.design\/wp-content\/uploads\/2019\/12\/65083a4011a836a176829a0a_Para_que_sirve_la_retorica_visual_del_diseno_grafico.jpg","articleSection":["branding"],"inLanguage":"es"},{"@type":"WebPage","@id":"https:\/\/salago.design\/es\/blog\/retorica-visual-imagenes-y-diseno-grafico\/","url":"https:\/\/salago.design\/es\/blog\/retorica-visual-imagenes-y-diseno-grafico\/","name":"Claves de la ret\u00f3rica visual para el dise\u00f1o gr\u00e1fico","isPartOf":{"@id":"https:\/\/salago.design\/es\/#website"},"primaryImageOfPage":{"@id":"https:\/\/salago.design\/es\/blog\/retorica-visual-imagenes-y-diseno-grafico\/#primaryimage"},"image":{"@id":"https:\/\/salago.design\/es\/blog\/retorica-visual-imagenes-y-diseno-grafico\/#primaryimage"},"thumbnailUrl":"https:\/\/salago.design\/wp-content\/uploads\/2019\/12\/65083a4011a836a176829a0a_Para_que_sirve_la_retorica_visual_del_diseno_grafico.jpg","datePublished":"2019-12-13T12:53:00+00:00","description":"Ret\u00f3rica visual: descubre los secretos de esta gran aliada del dise\u00f1o gr\u00e1fico, c\u00f3mo se puede utilizar para transmitir ideas y, c\u00f3mo no, \u00a1algunos ejemplos!","breadcrumb":{"@id":"https:\/\/salago.design\/es\/blog\/retorica-visual-imagenes-y-diseno-grafico\/#breadcrumb"},"inLanguage":"es","potentialAction":[{"@type":"ReadAction","target":["https:\/\/salago.design\/es\/blog\/retorica-visual-imagenes-y-diseno-grafico\/"]}]},{"@type":"ImageObject","inLanguage":"es","@id":"https:\/\/salago.design\/es\/blog\/retorica-visual-imagenes-y-diseno-grafico\/#primaryimage","url":"https:\/\/salago.design\/wp-content\/uploads\/2019\/12\/65083a4011a836a176829a0a_Para_que_sirve_la_retorica_visual_del_diseno_grafico.jpg","contentUrl":"https:\/\/salago.design\/wp-content\/uploads\/2019\/12\/65083a4011a836a176829a0a_Para_que_sirve_la_retorica_visual_del_diseno_grafico.jpg","width":1920,"height":1080,"caption":"65083a4011a836a176829a0a Para que sirve la retorica visual del diseno grafico"},{"@type":"BreadcrumbList","@id":"https:\/\/salago.design\/es\/blog\/retorica-visual-imagenes-y-diseno-grafico\/#breadcrumb","itemListElement":[{"@type":"ListItem","position":1,"name":"Portada","item":"https:\/\/salago.design\/es\/"},{"@type":"ListItem","position":2,"name":"Ret\u00f3rica visual: Im\u00e1genes y dise\u00f1o gr\u00e1fico"}]},{"@type":"WebSite","@id":"https:\/\/salago.design\/es\/#website","url":"https:\/\/salago.design\/es\/","name":"Salago Creative","description":"","publisher":{"@id":"https:\/\/salago.design\/es\/#organization"},"potentialAction":[{"@type":"SearchAction","target":{"@type":"EntryPoint","urlTemplate":"https:\/\/salago.design\/es\/?s={search_term_string}"},"query-input":{"@type":"PropertyValueSpecification","valueRequired":true,"valueName":"search_term_string"}}],"inLanguage":"es"},{"@type":"Organization","@id":"https:\/\/salago.design\/es\/#organization","name":"Salago Creative","url":"https:\/\/salago.design\/es\/","logo":{"@type":"ImageObject","inLanguage":"es","@id":"https:\/\/salago.design\/es\/#\/schema\/logo\/image\/","url":"https:\/\/salago.design\/wp-content\/uploads\/2026\/03\/salago.png","contentUrl":"https:\/\/salago.design\/wp-content\/uploads\/2026\/03\/salago.png","width":1164,"height":460,"caption":"Salago Creative"},"image":{"@id":"https:\/\/salago.design\/es\/#\/schema\/logo\/image\/"},"sameAs":["https:\/\/www.instagram.com\/salago.design","https:\/\/www.linkedin.com\/company\/salago-design"]},{"@type":"Person","@id":"https:\/\/salago.design\/es\/#\/schema\/person\/1ff76e1ba20b7b6ccd7a986d7260a078","name":"admin","image":{"@type":"ImageObject","inLanguage":"es","@id":"https:\/\/secure.gravatar.com\/avatar\/5b7b07e6fe3d5b1e86ecc9fa6f68a92c5750b325aecccef041b1c0d928bf4f51?s=96&d=mm&r=g","url":"https:\/\/secure.gravatar.com\/avatar\/5b7b07e6fe3d5b1e86ecc9fa6f68a92c5750b325aecccef041b1c0d928bf4f51?s=96&d=mm&r=g","contentUrl":"https:\/\/secure.gravatar.com\/avatar\/5b7b07e6fe3d5b1e86ecc9fa6f68a92c5750b325aecccef041b1c0d928bf4f51?s=96&d=mm&r=g","caption":"admin"},"sameAs":["https:\/\/salago.design"],"url":"https:\/\/salago.design\/es\/blog\/author\/admin\/"}]}},"_links":{"self":[{"href":"https:\/\/salago.design\/es\/wp-json\/wp\/v2\/posts\/4248","targetHints":{"allow":["GET"]}}],"collection":[{"href":"https:\/\/salago.design\/es\/wp-json\/wp\/v2\/posts"}],"about":[{"href":"https:\/\/salago.design\/es\/wp-json\/wp\/v2\/types\/post"}],"author":[{"embeddable":true,"href":"https:\/\/salago.design\/es\/wp-json\/wp\/v2\/users\/1"}],"replies":[{"embeddable":true,"href":"https:\/\/salago.design\/es\/wp-json\/wp\/v2\/comments?post=4248"}],"version-history":[{"count":0,"href":"https:\/\/salago.design\/es\/wp-json\/wp\/v2\/posts\/4248\/revisions"}],"wp:featuredmedia":[{"embeddable":true,"href":"https:\/\/salago.design\/es\/wp-json\/wp\/v2\/media\/4235"}],"wp:attachment":[{"href":"https:\/\/salago.design\/es\/wp-json\/wp\/v2\/media?parent=4248"}],"wp:term":[{"taxonomy":"category","embeddable":true,"href":"https:\/\/salago.design\/es\/wp-json\/wp\/v2\/categories?post=4248"},{"taxonomy":"post_tag","embeddable":true,"href":"https:\/\/salago.design\/es\/wp-json\/wp\/v2\/tags?post=4248"}],"curies":[{"name":"wp","href":"https:\/\/api.w.org\/{rel}","templated":true}]}}