{"id":4094,"date":"2019-12-13T07:30:00","date_gmt":"2019-12-13T07:30:00","guid":{"rendered":"https:\/\/new.salago.design\/sin-categorizar\/identidad-visual-vs-identidad-verbal-son-lo-mismo\/"},"modified":"2019-12-13T07:30:00","modified_gmt":"2019-12-13T07:30:00","slug":"identidad-visual-vs-identidad-verbal-son-lo-mismo","status":"publish","type":"post","link":"https:\/\/salago.design\/es\/blog\/identidad-visual-vs-identidad-verbal-son-lo-mismo\/","title":{"rendered":"Identidad visual vs. identidad verbal \u00bfSon lo mismo?"},"content":{"rendered":"<p id=\"\"><strong id=\"\"><em id=\"\">En una sociedad de miles de personas es pr\u00e1cticamente imposible que todos se conozcan. Pero con las marcas no pasa lo mismo. Con ellas se construyen historias tan potentes y emocionantes que es imposible no recordar y, todo, gracias a lo que dicen, ense\u00f1an y hacen.  <\/em><\/strong><\/p>\n<p id=\"\">Los consumidores las identifican r\u00e1pidamente, las diferencian de la competencia y perciben una imagen s\u00f3lida de ellas, <strong id=\"\">lo que fortalece a\u00fan m\u00e1s su branding<\/strong>. Pero, claro, esto no sucede con todas, el benem\u00e9rito lo alcanzan solo aquellas que trabajan la excelencia de su dise\u00f1o, le echan imaginaci\u00f3n al asunto y saben esperar. Paciencia es la clave. Valent\u00eda es el clavo que saca a otro clavo. Storytelling en acci\u00f3n. \u00bfEl resto? Te lo contamos ahora.      <\/p>\n<p id=\"\">\u00bfEmpezamos?<\/p>\n<h2 id=\"\">Identidad visual y verbal: LO QUE SON<\/h2>\n<p id=\"\">Las im\u00e1genes dicen m\u00e1s que mil palabras, \u00bfestas im\u00e1genes qu\u00e9 te dicen a ti?<\/p>\n<p id=\"\"><strong id=\"\">Identidad visual\u2026<\/strong> Tus estilos de pensar, de ser, de actuar dan forma a tu identidad corporativa. La visual es la cara visible de tu empresa, as\u00ed que: CU\u00cdDALA. <strong id=\"\">O eres \u00fanico o no eres nada<\/strong>. \u00bfImaginas a Google sin sus colores cl\u00e1sicos azul, rojo, verde y amarillo? \u00bfO a McDonald\u2019s sin la M? \u00bfQu\u00e9 ser\u00eda de Apple sin el mordisco de su manzana?    <\/p>\n<p id=\"\">Todo aquello que ves es imprescindible para dotar de identidad corporativa a tu marca. En la variedad est\u00e1 el gusto, y ya sabemos que <strong id=\"\">lo distinto siempre queda en la memoria<\/strong>. El logotipo, la tipograf\u00eda, la paleta de colores, sus folletos, la p\u00e1gina web y todo aquello que ayuda a reconocer a las marcas forma parte de su identidad visual. Coherencia bajo el nombre de dise\u00f1o gr\u00e1fico.   <\/p>\n<p id=\"\">La manera en que deben orientarse estos elementos (colores, formas, tama\u00f1os, tipograf\u00edas y las est\u00e9ticas relativas al dise\u00f1o) aparecer\u00e1 definida en los manuales de marca.<\/p>\n<p id=\"\"><strong id=\"\">Identidad verbal\u2026<\/strong> \u00bfC\u00f3mo debes hablar seg\u00fan tu personalidad? <strong id=\"\">Lo que dices y c\u00f3mo lo haces<\/strong> tiene un peso brutal en la imagen y la coherencia de tu marca, y aunque muchas veces la identidad verbal queda en el olvido, es parte del camino hacia una marca poderosa. Es la otra pata de la mesa y va m\u00e1s all\u00e1 del naming. <\/p>\n<p id=\"\">Parafraseando al escritor Adous Huxley: \u201cLas palabras pueden ser los rayos X, si se emplean adecuadamente: pasan a trav\u00e9s de todo\u201d.<\/p>\n<p id=\"\">La identidad verbal es la manera que tienen las marcas de <strong id=\"\">transmitir sus mensajes en l\u00ednea con su personalidad<\/strong> y les ayuda a construir lo que cuentan. Encontrar una forma de expresarse en el mercado no es tarea f\u00e1cil. Trata de ser t\u00fa mismo.  <\/p>\n<p id=\"\">Aunque a veces lo m\u00e1s importante es escuchar lo que no se dice, las marcas deben recordar siempre 3 cosas en su lenguaje verbal:<\/p>\n<ul id=\"\">\n<li id=\"\"><strong id=\"\">El tono de voz<\/strong>. Tu expresi\u00f3n verbal, tan importante como la identidad gr\u00e1fica. <\/li>\n<li id=\"\"><strong id=\"\">El messaging.<\/strong> \u00bfC\u00f3mo te diriges a cada uno de tus p\u00fablicos objetivos? Adaptar tus mensajes te har\u00e1 el camino m\u00e1s f\u00e1cil hacia ellos. <\/li>\n<li id=\"\"><strong id=\"\">El territorio verbal<\/strong>. En resumen\u2026 Qu\u00e9 vas a contar, c\u00f3mo lo vas a hacer, qu\u00e9 se puede decir y qu\u00e9 no. <\/li>\n<\/ul>\n<p id=\"\">\u00bfLo mejor? Encontrar <strong id=\"\">la coherencia entre la personalidad<\/strong>, lo que ense\u00f1as, lo que dices y lo que piensas. Aqu\u00ed no sobran las palabras.  <\/p>\n<figure id=\"\" class=\"w-richtext-figure-type-image w-richtext-align-center\" data-rt-type=\"image\" data-rt-align=\"center\">\n<div id=\"\"><img decoding=\"async\" src=\"https:\/\/salago.design\/wp-content\/uploads\/2026\/03\/67038511325dcdd27f8947b3_65093e14df31538333e88387_identidad_visual_vs_identidad_verbal_son_lo_mismo.jpg\" loading=\"lazy\" id=\"\" width=\"auto\" height=\"auto\" alt=\"identidad visual\"><\/div>\n<\/figure>\n<h2 id=\"\">Consejos visuales y verbales que debes llevarte contigo<\/h2>\n<p id=\"\">Existen cientos de definiciones de lo que es \u2018una marca\u2019. Desde \u2018un reflejo de nuestras competencias\u2019 hasta \u2018la percepci\u00f3n de nuestra identidad\u2019, pero nosotros nos permitimos a\u00f1adir algo m\u00e1s: <strong id=\"\">t\u00fa eliges qui\u00e9n quieres ser y a d\u00f3nde quieres llegar<\/strong>. \u00bfNecesitas ayuda para el viaje? En nuestra <a href=\"https:\/\/www.salago.design\/estrategia-branding\" target=\"_blank\"><strong id=\"\">agencia de branding en Madrid salago.design<\/strong><\/a> te acompa\u00f1amos.   <\/p>\n<p id=\"\">\u00bfSabes cu\u00e1l es el error que cometen la mayor\u00eda de las peque\u00f1as, medianas y grandes empresas? Que la mayor\u00eda se preocupa por <strong id=\"\">tener una identidad visual \u00fanica<\/strong>. \u00a1Ojo! Que eso est\u00e1 muy bien, pero <strong id=\"\">no hay que dejar de lado la identidad verbal<\/strong>, porque, aunque no lo creas, tambi\u00e9n forma parte del branding. Si no piensas en ello, \u00bfc\u00f3mo vas a asegurarte de que tu marca transmita sus mensajes de forma estrat\u00e9gica y en sinton\u00eda con tu propuesta de valor? Porque en cuestiones de marca no solo importa el c\u00f3mo te ves, sino el c\u00f3mo te expresas.     <\/p>\n<p id=\"\">Sea cual sea el tono con el que elijas trabajar, hablar de marcas es hablar de:<\/p>\n<ul id=\"\">\n<li id=\"\">Una comunicaci\u00f3n <strong id=\"\">sencilla y directa<\/strong> de tus valores\u2026 No te andes con rodeos.<\/li>\n<li id=\"\"><strong id=\"\">Conexi\u00f3n<\/strong> con tu audiencia y tus clientes potenciales. \u00bfNotas la qu\u00edmica? <\/li>\n<li id=\"\">S\u00e9 diferente y \u00fanico frente a la competencia\u2026 Empieza por pensar <strong id=\"\">c\u00f3mo quieres que te perciban<\/strong>.<\/li>\n<li id=\"\">No es solo naming, es <strong id=\"\">tambi\u00e9n tagline<\/strong>. Si no, \u00bfde qu\u00e9 te suenan estas frases? Destapa la felicidad, Ahora es el momento, All you need is love? Es tambi\u00e9n voz. Tono. Y estilo.     <\/li>\n<\/ul>\n<p id=\"\">Merece la pena pensar en ello.<\/p>\n","protected":false},"excerpt":{"rendered":"<p>En una sociedad de miles de personas es pr\u00e1cticamente imposible que todos se conozcan. Pero con las marcas no pasa [&hellip;]<\/p>\n","protected":false},"author":1,"featured_media":4092,"comment_status":"closed","ping_status":"open","sticky":false,"template":"","format":"standard","meta":{"site-sidebar-layout":"default","site-content-layout":"","ast-site-content-layout":"full-width-container","site-content-style":"default","site-sidebar-style":"default","ast-global-header-display":"","ast-banner-title-visibility":"","ast-main-header-display":"","ast-hfb-above-header-display":"","ast-hfb-below-header-display":"","ast-hfb-mobile-header-display":"","site-post-title":"","ast-breadcrumbs-content":"","ast-featured-img":"","footer-sml-layout":"","ast-disable-related-posts":"","theme-transparent-header-meta":"","adv-header-id-meta":"","stick-header-meta":"","header-above-stick-meta":"","header-main-stick-meta":"","header-below-stick-meta":"","astra-migrate-meta-layouts":"default","ast-page-background-enabled":"default","ast-page-background-meta":{"desktop":{"background-color":"var(--ast-global-color-5)","background-image":"","background-repeat":"repeat","background-position":"center center","background-size":"auto","background-attachment":"scroll","background-type":"","background-media":"","overlay-type":"","overlay-color":"","overlay-opacity":"","overlay-gradient":""},"tablet":{"background-color":"","background-image":"","background-repeat":"repeat","background-position":"center center","background-size":"auto","background-attachment":"scroll","background-type":"","background-media":"","overlay-type":"","overlay-color":"","overlay-opacity":"","overlay-gradient":""},"mobile":{"background-color":"","background-image":"","background-repeat":"repeat","background-position":"center center","background-size":"auto","background-attachment":"scroll","background-type":"","background-media":"","overlay-type":"","overlay-color":"","overlay-opacity":"","overlay-gradient":""}},"ast-content-background-meta":{"desktop":{"background-color":"var(--ast-global-color-4)","background-image":"","background-repeat":"repeat","background-position":"center center","background-size":"auto","background-attachment":"scroll","background-type":"","background-media":"","overlay-type":"","overlay-color":"","overlay-opacity":"","overlay-gradient":""},"tablet":{"background-color":"var(--ast-global-color-4)","background-image":"","background-repeat":"repeat","background-position":"center center","background-size":"auto","background-attachment":"scroll","background-type":"","background-media":"","overlay-type":"","overlay-color":"","overlay-opacity":"","overlay-gradient":""},"mobile":{"background-color":"var(--ast-global-color-4)","background-image":"","background-repeat":"repeat","background-position":"center center","background-size":"auto","background-attachment":"scroll","background-type":"","background-media":"","overlay-type":"","overlay-color":"","overlay-opacity":"","overlay-gradient":""}},"footnotes":""},"categories":[24],"tags":[],"class_list":["post-4094","post","type-post","status-publish","format-standard","has-post-thumbnail","hentry","category-branding"],"yoast_head":"<!-- This site is optimized with the Yoast SEO plugin v27.3 - https:\/\/yoast.com\/product\/yoast-seo-wordpress\/ -->\n<title>Diferencias entre la identidad visual y verbal<\/title>\n<meta name=\"description\" content=\"\u00bfSabes si identidad visual e identidad verbal son lo mismo? Conoce con Salago Creative las claves que te empujar\u00e1n a buscar una uni\u00f3n perfecta entre ambas.\" \/>\n<meta name=\"robots\" content=\"index, follow, max-snippet:-1, max-image-preview:large, max-video-preview:-1\" \/>\n<link rel=\"canonical\" href=\"https:\/\/salago.design\/es\/blog\/identidad-visual-vs-identidad-verbal-son-lo-mismo\/\" \/>\n<meta property=\"og:locale\" content=\"es_ES\" \/>\n<meta property=\"og:type\" content=\"article\" \/>\n<meta property=\"og:title\" content=\"Diferencias entre la identidad visual y verbal\" \/>\n<meta property=\"og:description\" content=\"\u00bfSabes si identidad visual e identidad verbal son lo mismo? Conoce con Salago Creative las claves que te empujar\u00e1n a buscar una uni\u00f3n perfecta entre ambas.\" \/>\n<meta property=\"og:url\" content=\"https:\/\/salago.design\/es\/blog\/identidad-visual-vs-identidad-verbal-son-lo-mismo\/\" \/>\n<meta property=\"og:site_name\" content=\"Salago Creative\" \/>\n<meta property=\"article:published_time\" content=\"2019-12-13T07:30:00+00:00\" \/>\n<meta property=\"og:image\" content=\"https:\/\/new.salago.design\/wp-content\/uploads\/2019\/12\/65093e14df31538333e88387_identidad_visual_vs_identidad_verbal_son_lo_mismo.jpg\" \/>\n\t<meta property=\"og:image:width\" content=\"1536\" \/>\n\t<meta property=\"og:image:height\" content=\"864\" \/>\n\t<meta property=\"og:image:type\" content=\"image\/jpeg\" \/>\n<meta name=\"author\" content=\"admin\" \/>\n<meta name=\"twitter:card\" content=\"summary_large_image\" \/>\n<meta name=\"twitter:label1\" content=\"Escrito por\" \/>\n\t<meta name=\"twitter:data1\" content=\"admin\" \/>\n\t<meta name=\"twitter:label2\" content=\"Tiempo de lectura\" \/>\n\t<meta name=\"twitter:data2\" content=\"4 minutos\" \/>\n<script type=\"application\/ld+json\" class=\"yoast-schema-graph\">{\"@context\":\"https:\\\/\\\/schema.org\",\"@graph\":[{\"@type\":\"Article\",\"@id\":\"https:\\\/\\\/salago.design\\\/es\\\/blog\\\/identidad-visual-vs-identidad-verbal-son-lo-mismo\\\/#article\",\"isPartOf\":{\"@id\":\"https:\\\/\\\/salago.design\\\/es\\\/blog\\\/identidad-visual-vs-identidad-verbal-son-lo-mismo\\\/\"},\"author\":{\"name\":\"admin\",\"@id\":\"https:\\\/\\\/salago.design\\\/es\\\/#\\\/schema\\\/person\\\/1ff76e1ba20b7b6ccd7a986d7260a078\"},\"headline\":\"Identidad visual vs. identidad verbal \u00bfSon lo mismo?\",\"datePublished\":\"2019-12-13T07:30:00+00:00\",\"mainEntityOfPage\":{\"@id\":\"https:\\\/\\\/salago.design\\\/es\\\/blog\\\/identidad-visual-vs-identidad-verbal-son-lo-mismo\\\/\"},\"wordCount\":852,\"publisher\":{\"@id\":\"https:\\\/\\\/salago.design\\\/es\\\/#organization\"},\"image\":{\"@id\":\"https:\\\/\\\/salago.design\\\/es\\\/blog\\\/identidad-visual-vs-identidad-verbal-son-lo-mismo\\\/#primaryimage\"},\"thumbnailUrl\":\"https:\\\/\\\/salago.design\\\/wp-content\\\/uploads\\\/2019\\\/12\\\/65093e14df31538333e88387_identidad_visual_vs_identidad_verbal_son_lo_mismo.jpg\",\"articleSection\":[\"branding\"],\"inLanguage\":\"es\"},{\"@type\":\"WebPage\",\"@id\":\"https:\\\/\\\/salago.design\\\/es\\\/blog\\\/identidad-visual-vs-identidad-verbal-son-lo-mismo\\\/\",\"url\":\"https:\\\/\\\/salago.design\\\/es\\\/blog\\\/identidad-visual-vs-identidad-verbal-son-lo-mismo\\\/\",\"name\":\"Diferencias entre la identidad visual y verbal\",\"isPartOf\":{\"@id\":\"https:\\\/\\\/salago.design\\\/es\\\/#website\"},\"primaryImageOfPage\":{\"@id\":\"https:\\\/\\\/salago.design\\\/es\\\/blog\\\/identidad-visual-vs-identidad-verbal-son-lo-mismo\\\/#primaryimage\"},\"image\":{\"@id\":\"https:\\\/\\\/salago.design\\\/es\\\/blog\\\/identidad-visual-vs-identidad-verbal-son-lo-mismo\\\/#primaryimage\"},\"thumbnailUrl\":\"https:\\\/\\\/salago.design\\\/wp-content\\\/uploads\\\/2019\\\/12\\\/65093e14df31538333e88387_identidad_visual_vs_identidad_verbal_son_lo_mismo.jpg\",\"datePublished\":\"2019-12-13T07:30:00+00:00\",\"description\":\"\u00bfSabes si identidad visual e identidad verbal son lo mismo? Conoce con Salago Creative las claves que te empujar\u00e1n a buscar una uni\u00f3n perfecta entre ambas.\",\"breadcrumb\":{\"@id\":\"https:\\\/\\\/salago.design\\\/es\\\/blog\\\/identidad-visual-vs-identidad-verbal-son-lo-mismo\\\/#breadcrumb\"},\"inLanguage\":\"es\",\"potentialAction\":[{\"@type\":\"ReadAction\",\"target\":[\"https:\\\/\\\/salago.design\\\/es\\\/blog\\\/identidad-visual-vs-identidad-verbal-son-lo-mismo\\\/\"]}]},{\"@type\":\"ImageObject\",\"inLanguage\":\"es\",\"@id\":\"https:\\\/\\\/salago.design\\\/es\\\/blog\\\/identidad-visual-vs-identidad-verbal-son-lo-mismo\\\/#primaryimage\",\"url\":\"https:\\\/\\\/salago.design\\\/wp-content\\\/uploads\\\/2019\\\/12\\\/65093e14df31538333e88387_identidad_visual_vs_identidad_verbal_son_lo_mismo.jpg\",\"contentUrl\":\"https:\\\/\\\/salago.design\\\/wp-content\\\/uploads\\\/2019\\\/12\\\/65093e14df31538333e88387_identidad_visual_vs_identidad_verbal_son_lo_mismo.jpg\",\"width\":1536,\"height\":864,\"caption\":\"65093e14df31538333e88387 identidad visual vs identidad verbal son lo mismo\"},{\"@type\":\"BreadcrumbList\",\"@id\":\"https:\\\/\\\/salago.design\\\/es\\\/blog\\\/identidad-visual-vs-identidad-verbal-son-lo-mismo\\\/#breadcrumb\",\"itemListElement\":[{\"@type\":\"ListItem\",\"position\":1,\"name\":\"Portada\",\"item\":\"https:\\\/\\\/salago.design\\\/es\\\/\"},{\"@type\":\"ListItem\",\"position\":2,\"name\":\"Identidad visual vs. identidad verbal \u00bfSon lo mismo?\"}]},{\"@type\":\"WebSite\",\"@id\":\"https:\\\/\\\/salago.design\\\/es\\\/#website\",\"url\":\"https:\\\/\\\/salago.design\\\/es\\\/\",\"name\":\"Salago Creative\",\"description\":\"\",\"publisher\":{\"@id\":\"https:\\\/\\\/salago.design\\\/es\\\/#organization\"},\"potentialAction\":[{\"@type\":\"SearchAction\",\"target\":{\"@type\":\"EntryPoint\",\"urlTemplate\":\"https:\\\/\\\/salago.design\\\/es\\\/?s={search_term_string}\"},\"query-input\":{\"@type\":\"PropertyValueSpecification\",\"valueRequired\":true,\"valueName\":\"search_term_string\"}}],\"inLanguage\":\"es\"},{\"@type\":\"Organization\",\"@id\":\"https:\\\/\\\/salago.design\\\/es\\\/#organization\",\"name\":\"Salago Creative\",\"url\":\"https:\\\/\\\/salago.design\\\/es\\\/\",\"logo\":{\"@type\":\"ImageObject\",\"inLanguage\":\"es\",\"@id\":\"https:\\\/\\\/salago.design\\\/es\\\/#\\\/schema\\\/logo\\\/image\\\/\",\"url\":\"https:\\\/\\\/salago.design\\\/wp-content\\\/uploads\\\/2026\\\/03\\\/salago.png\",\"contentUrl\":\"https:\\\/\\\/salago.design\\\/wp-content\\\/uploads\\\/2026\\\/03\\\/salago.png\",\"width\":1164,\"height\":460,\"caption\":\"Salago Creative\"},\"image\":{\"@id\":\"https:\\\/\\\/salago.design\\\/es\\\/#\\\/schema\\\/logo\\\/image\\\/\"},\"sameAs\":[\"https:\\\/\\\/www.instagram.com\\\/salago.design\",\"https:\\\/\\\/www.linkedin.com\\\/company\\\/salago-design\"]},{\"@type\":\"Person\",\"@id\":\"https:\\\/\\\/salago.design\\\/es\\\/#\\\/schema\\\/person\\\/1ff76e1ba20b7b6ccd7a986d7260a078\",\"name\":\"admin\",\"image\":{\"@type\":\"ImageObject\",\"inLanguage\":\"es\",\"@id\":\"https:\\\/\\\/secure.gravatar.com\\\/avatar\\\/5b7b07e6fe3d5b1e86ecc9fa6f68a92c5750b325aecccef041b1c0d928bf4f51?s=96&d=mm&r=g\",\"url\":\"https:\\\/\\\/secure.gravatar.com\\\/avatar\\\/5b7b07e6fe3d5b1e86ecc9fa6f68a92c5750b325aecccef041b1c0d928bf4f51?s=96&d=mm&r=g\",\"contentUrl\":\"https:\\\/\\\/secure.gravatar.com\\\/avatar\\\/5b7b07e6fe3d5b1e86ecc9fa6f68a92c5750b325aecccef041b1c0d928bf4f51?s=96&d=mm&r=g\",\"caption\":\"admin\"},\"sameAs\":[\"https:\\\/\\\/salago.design\"],\"url\":\"https:\\\/\\\/salago.design\\\/es\\\/blog\\\/author\\\/admin\\\/\"}]}<\/script>\n<!-- \/ Yoast SEO plugin. -->","yoast_head_json":{"title":"Diferencias entre la identidad visual y verbal","description":"\u00bfSabes si identidad visual e identidad verbal son lo mismo? Conoce con Salago Creative las claves que te empujar\u00e1n a buscar una uni\u00f3n perfecta entre ambas.","robots":{"index":"index","follow":"follow","max-snippet":"max-snippet:-1","max-image-preview":"max-image-preview:large","max-video-preview":"max-video-preview:-1"},"canonical":"https:\/\/salago.design\/es\/blog\/identidad-visual-vs-identidad-verbal-son-lo-mismo\/","og_locale":"es_ES","og_type":"article","og_title":"Diferencias entre la identidad visual y verbal","og_description":"\u00bfSabes si identidad visual e identidad verbal son lo mismo? Conoce con Salago Creative las claves que te empujar\u00e1n a buscar una uni\u00f3n perfecta entre ambas.","og_url":"https:\/\/salago.design\/es\/blog\/identidad-visual-vs-identidad-verbal-son-lo-mismo\/","og_site_name":"Salago Creative","article_published_time":"2019-12-13T07:30:00+00:00","og_image":[{"width":1536,"height":864,"url":"https:\/\/new.salago.design\/wp-content\/uploads\/2019\/12\/65093e14df31538333e88387_identidad_visual_vs_identidad_verbal_son_lo_mismo.jpg","type":"image\/jpeg"}],"author":"admin","twitter_card":"summary_large_image","twitter_misc":{"Escrito por":"admin","Tiempo de lectura":"4 minutos"},"schema":{"@context":"https:\/\/schema.org","@graph":[{"@type":"Article","@id":"https:\/\/salago.design\/es\/blog\/identidad-visual-vs-identidad-verbal-son-lo-mismo\/#article","isPartOf":{"@id":"https:\/\/salago.design\/es\/blog\/identidad-visual-vs-identidad-verbal-son-lo-mismo\/"},"author":{"name":"admin","@id":"https:\/\/salago.design\/es\/#\/schema\/person\/1ff76e1ba20b7b6ccd7a986d7260a078"},"headline":"Identidad visual vs. identidad verbal \u00bfSon lo mismo?","datePublished":"2019-12-13T07:30:00+00:00","mainEntityOfPage":{"@id":"https:\/\/salago.design\/es\/blog\/identidad-visual-vs-identidad-verbal-son-lo-mismo\/"},"wordCount":852,"publisher":{"@id":"https:\/\/salago.design\/es\/#organization"},"image":{"@id":"https:\/\/salago.design\/es\/blog\/identidad-visual-vs-identidad-verbal-son-lo-mismo\/#primaryimage"},"thumbnailUrl":"https:\/\/salago.design\/wp-content\/uploads\/2019\/12\/65093e14df31538333e88387_identidad_visual_vs_identidad_verbal_son_lo_mismo.jpg","articleSection":["branding"],"inLanguage":"es"},{"@type":"WebPage","@id":"https:\/\/salago.design\/es\/blog\/identidad-visual-vs-identidad-verbal-son-lo-mismo\/","url":"https:\/\/salago.design\/es\/blog\/identidad-visual-vs-identidad-verbal-son-lo-mismo\/","name":"Diferencias entre la identidad visual y verbal","isPartOf":{"@id":"https:\/\/salago.design\/es\/#website"},"primaryImageOfPage":{"@id":"https:\/\/salago.design\/es\/blog\/identidad-visual-vs-identidad-verbal-son-lo-mismo\/#primaryimage"},"image":{"@id":"https:\/\/salago.design\/es\/blog\/identidad-visual-vs-identidad-verbal-son-lo-mismo\/#primaryimage"},"thumbnailUrl":"https:\/\/salago.design\/wp-content\/uploads\/2019\/12\/65093e14df31538333e88387_identidad_visual_vs_identidad_verbal_son_lo_mismo.jpg","datePublished":"2019-12-13T07:30:00+00:00","description":"\u00bfSabes si identidad visual e identidad verbal son lo mismo? Conoce con Salago Creative las claves que te empujar\u00e1n a buscar una uni\u00f3n perfecta entre ambas.","breadcrumb":{"@id":"https:\/\/salago.design\/es\/blog\/identidad-visual-vs-identidad-verbal-son-lo-mismo\/#breadcrumb"},"inLanguage":"es","potentialAction":[{"@type":"ReadAction","target":["https:\/\/salago.design\/es\/blog\/identidad-visual-vs-identidad-verbal-son-lo-mismo\/"]}]},{"@type":"ImageObject","inLanguage":"es","@id":"https:\/\/salago.design\/es\/blog\/identidad-visual-vs-identidad-verbal-son-lo-mismo\/#primaryimage","url":"https:\/\/salago.design\/wp-content\/uploads\/2019\/12\/65093e14df31538333e88387_identidad_visual_vs_identidad_verbal_son_lo_mismo.jpg","contentUrl":"https:\/\/salago.design\/wp-content\/uploads\/2019\/12\/65093e14df31538333e88387_identidad_visual_vs_identidad_verbal_son_lo_mismo.jpg","width":1536,"height":864,"caption":"65093e14df31538333e88387 identidad visual vs identidad verbal son lo mismo"},{"@type":"BreadcrumbList","@id":"https:\/\/salago.design\/es\/blog\/identidad-visual-vs-identidad-verbal-son-lo-mismo\/#breadcrumb","itemListElement":[{"@type":"ListItem","position":1,"name":"Portada","item":"https:\/\/salago.design\/es\/"},{"@type":"ListItem","position":2,"name":"Identidad visual vs. identidad verbal \u00bfSon lo mismo?"}]},{"@type":"WebSite","@id":"https:\/\/salago.design\/es\/#website","url":"https:\/\/salago.design\/es\/","name":"Salago Creative","description":"","publisher":{"@id":"https:\/\/salago.design\/es\/#organization"},"potentialAction":[{"@type":"SearchAction","target":{"@type":"EntryPoint","urlTemplate":"https:\/\/salago.design\/es\/?s={search_term_string}"},"query-input":{"@type":"PropertyValueSpecification","valueRequired":true,"valueName":"search_term_string"}}],"inLanguage":"es"},{"@type":"Organization","@id":"https:\/\/salago.design\/es\/#organization","name":"Salago Creative","url":"https:\/\/salago.design\/es\/","logo":{"@type":"ImageObject","inLanguage":"es","@id":"https:\/\/salago.design\/es\/#\/schema\/logo\/image\/","url":"https:\/\/salago.design\/wp-content\/uploads\/2026\/03\/salago.png","contentUrl":"https:\/\/salago.design\/wp-content\/uploads\/2026\/03\/salago.png","width":1164,"height":460,"caption":"Salago Creative"},"image":{"@id":"https:\/\/salago.design\/es\/#\/schema\/logo\/image\/"},"sameAs":["https:\/\/www.instagram.com\/salago.design","https:\/\/www.linkedin.com\/company\/salago-design"]},{"@type":"Person","@id":"https:\/\/salago.design\/es\/#\/schema\/person\/1ff76e1ba20b7b6ccd7a986d7260a078","name":"admin","image":{"@type":"ImageObject","inLanguage":"es","@id":"https:\/\/secure.gravatar.com\/avatar\/5b7b07e6fe3d5b1e86ecc9fa6f68a92c5750b325aecccef041b1c0d928bf4f51?s=96&d=mm&r=g","url":"https:\/\/secure.gravatar.com\/avatar\/5b7b07e6fe3d5b1e86ecc9fa6f68a92c5750b325aecccef041b1c0d928bf4f51?s=96&d=mm&r=g","contentUrl":"https:\/\/secure.gravatar.com\/avatar\/5b7b07e6fe3d5b1e86ecc9fa6f68a92c5750b325aecccef041b1c0d928bf4f51?s=96&d=mm&r=g","caption":"admin"},"sameAs":["https:\/\/salago.design"],"url":"https:\/\/salago.design\/es\/blog\/author\/admin\/"}]}},"_links":{"self":[{"href":"https:\/\/salago.design\/es\/wp-json\/wp\/v2\/posts\/4094","targetHints":{"allow":["GET"]}}],"collection":[{"href":"https:\/\/salago.design\/es\/wp-json\/wp\/v2\/posts"}],"about":[{"href":"https:\/\/salago.design\/es\/wp-json\/wp\/v2\/types\/post"}],"author":[{"embeddable":true,"href":"https:\/\/salago.design\/es\/wp-json\/wp\/v2\/users\/1"}],"replies":[{"embeddable":true,"href":"https:\/\/salago.design\/es\/wp-json\/wp\/v2\/comments?post=4094"}],"version-history":[{"count":0,"href":"https:\/\/salago.design\/es\/wp-json\/wp\/v2\/posts\/4094\/revisions"}],"wp:featuredmedia":[{"embeddable":true,"href":"https:\/\/salago.design\/es\/wp-json\/wp\/v2\/media\/4092"}],"wp:attachment":[{"href":"https:\/\/salago.design\/es\/wp-json\/wp\/v2\/media?parent=4094"}],"wp:term":[{"taxonomy":"category","embeddable":true,"href":"https:\/\/salago.design\/es\/wp-json\/wp\/v2\/categories?post=4094"},{"taxonomy":"post_tag","embeddable":true,"href":"https:\/\/salago.design\/es\/wp-json\/wp\/v2\/tags?post=4094"}],"curies":[{"name":"wp","href":"https:\/\/api.w.org\/{rel}","templated":true}]}}