{"id":3990,"date":"2022-08-08T07:00:00","date_gmt":"2022-08-08T07:00:00","guid":{"rendered":"https:\/\/new.salago.design\/sin-categorizar\/historia-de-los-logos-te-has-planteado-cual-fue-el-primero\/"},"modified":"2022-08-08T07:00:00","modified_gmt":"2022-08-08T07:00:00","slug":"historia-de-los-logos-te-has-planteado-cual-fue-el-primero","status":"publish","type":"post","link":"https:\/\/salago.design\/es\/blog\/historia-de-los-logos-te-has-planteado-cual-fue-el-primero\/","title":{"rendered":"Historia de los logos, \u00bfte has planteado cu\u00e1l fue el primero?"},"content":{"rendered":"<p id=\"\">\u00bfConoces la historia de los logos? Quiz\u00e1 creas que son una invenci\u00f3n moderna, pero lo cierto es que no son algo nuevo y llevan mucho tiempo utiliz\u00e1ndose. S\u00ed, en serio. Aunque te resulte sorprendente.   <\/p>\n<p id=\"\">Desde nuestro <a href=\"https:\/\/salago.design\/\" target=\"_blank\" id=\"\"><strong id=\"\">estudio de dise\u00f1o en Madrid Salago<\/strong><\/a><strong id=\"\"> <\/strong>te invitamos a acompa\u00f1arnos a conocer la historia de los logos. Probablemente te ayude a comprender mejor <strong id=\"\">la importancia de un dise\u00f1o personalizado para tu negocio o proyecto.<\/strong> <\/p>\n<figure id=\"\" class=\"w-richtext-figure-type-image w-richtext-align-center\" data-rt-type=\"image\" data-rt-align=\"center\">\n<div id=\"\"><img decoding=\"async\" src=\"https:\/\/salago.design\/wp-content\/uploads\/2026\/03\/650946de59ee12c02cc5b11f_historia-del-logotipo.jpg\" alt=\"historia del logotipo\" id=\"\" width=\"auto\" height=\"auto\" loading=\"auto\"><\/div>\n<\/figure>\n<h2 id=\"\">Historia de los logos: un recorrido sorprendente<\/h2>\n<h3 id=\"\">\u00bfMarcas distintivas o logos?<\/h3>\n<p id=\"\">Durante siglos muchos <strong id=\"\">artesanos y empresas <\/strong>usaban una <strong id=\"\">marca distintiva <\/strong>que se\u00f1alaba sus productos o hac\u00eda que se reconociera su labor. Tambi\u00e9n pod\u00edan incluirse en elementos que hoy llamar\u00edamos publicitarios, aunque de un modo diferente al habitual. <\/p>\n<p id=\"\">Incluso <strong id=\"\">los ranchos marcaban a sus reses o animales con un logo distintivo <\/strong>para que en caso de robo o p\u00e9rdida se supiera a qui\u00e9n pertenec\u00edan. Una marca que en muchos casos tambi\u00e9n era una se\u00f1a de identidad que avalaba la calidad del ganado criado en un rancho concreto. <\/p>\n<p id=\"\">Pero para los expertos la historia de los logotipos se remonta a mucho tiempo atr\u00e1s. A las iniciales entrelazadas que algunos <strong id=\"\">soberanos de la antigua Grecia <\/strong>utilizaban al acu\u00f1ar monedas. <\/p>\n<p id=\"\">Sea como sea, todas esas <strong id=\"\">marcas distintivas que se usaron durante siglos <\/strong>marcan el <strong id=\"\">inicio de la historia de los logos<\/strong>. No son logos en s\u00ed mismos, pero se pueden considerar el origen de los mismos. <\/p>\n<h3 id=\"\">El primer logo se cre\u00f3 en la \u00e9poca victoriana<\/h3>\n<p id=\"\">Si te gusta la historia (o has visto algunas series de moda ambientadas en esta \u00e9poca) ya sabes que la \u00e9poca del reinado de Victoria de Inglaterra fue un tiempo de grandes descubrimientos, avances tecnol\u00f3gicos, de ingenier\u00eda y, para muchos, el inicio de la modernidad. Y tambi\u00e9n en esa \u00e9poca se impuls\u00f3 el uso del <strong id=\"\">dise\u00f1o gr\u00e1fico<\/strong>. <\/p>\n<p id=\"\">Es en esta \u00e9poca cuando la historia del logo comienza realmente. Y es que <strong id=\"\">el primer logo se registr\u00f3 en 1876<\/strong>. Era el que representaba a una empresa cervecera, la <strong id=\"\">Bass Brewery<\/strong>.  <\/p>\n<p id=\"\">Ese mismo a\u00f1o se instaur\u00f3 la Ley de Registro de las Marcas Registradas del Reino Unido. Y eso supuso <strong id=\"\">un hito dentro de la historia de los logos<\/strong>, ya que las marcas adquirieron mayor relevancia y era importante distinguirse de la competencia. <\/p>\n<h3 id=\"\">La historia de los logos en el S. XX<\/h3>\n<p id=\"\">Durante las tres primeras d\u00e9cadas del S. XX ten\u00edan formas redondeadas. Eran m\u00e1s ornamentales que simb\u00f3licos. Poco a poco comenzaron a hacerse a mano y naturalizarse, pero fue un proceso evolutivo.  <\/p>\n<p id=\"\">En esos primeros a\u00f1os de siglo aparecieron las <strong id=\"\">versiones iniciales de logos <\/strong>tan famosos como el de la m\u00edtica Coca-cola. A partir de 1930 los dise\u00f1os se van simplificando. Por aquel entonces los logos eran mayoritariamente <strong id=\"\">dise\u00f1os en blanco y negro<\/strong>.  <\/p>\n<p id=\"\">De esa \u00e9poca en adelante la historia de los logos cambi\u00f3. Cada vez se eleg\u00edan dise\u00f1os m\u00e1s creativos. Empez\u00f3 a surgir la convicci\u00f3n de que el logo ten\u00eda un <strong id=\"\">impacto en el p\u00fablico<\/strong>. Algunos dise\u00f1adores comenzaron a aplicar la psicolog\u00eda del color. Y se buscaba captar la esencia de la marca de una forma original y creativa.    <\/p>\n<p id=\"\">El gran salto de la historia de los logos tuvo lugar a finales de los a\u00f1os \u00b470 y principios de los \u00b480 del pasado siglo. Y es que entonces los logos comenzaron a dise\u00f1arse con <strong id=\"\">intencionalidad<\/strong>, no solo para ser reconocibles, sino para generar o provocar sensaciones o reacciones en el p\u00fablico. Y cada vez eran m\u00e1s simb\u00f3licos.  <\/p>\n<p id=\"\">En esos a\u00f1os surgieron <strong id=\"\">logotipos m\u00edticos <\/strong>como el primer logo de IBM. Y se simplificaron logos de marcas ya reconocidas como Mercedes o Nike. <\/p>\n<h3 id=\"\">Historia de los logos en el S. XXI hasta la actualidad<\/h3>\n<p id=\"\">La <strong id=\"\">digitalizaci\u00f3n<\/strong> ha simplificado a\u00fan m\u00e1s los logos. Ahora son dise\u00f1os sencillos que causan un impacto inmediato. Las marcas punteras han ido reduciendo los elementos presentes en sus logotipos para que el impacto sea instant\u00e1neo. Adem\u00e1s, as\u00ed se logra que un logo sea f\u00e1cil de recordar e identificar, pr\u00e1cticamente desde el primer contacto o visionado.   <\/p>\n<p id=\"\">Firefox o Instagram son buenos ejemplos de <strong id=\"\">la reducci\u00f3n de detalles <\/strong>de sus logos respecto a sus inicios hace unos a\u00f1os.<\/p>\n<p id=\"\">La historia de los logos a\u00fan tiene mucho que decir. El presente ser\u00e1 historia en el futuro. Pero ahora solo nos queda vivirlo y aprovechar la fuerza de los logos para beneficio de las marcas. Si tu negocio o proyecto est\u00e1 naciendo y a\u00fan no tiene logo, ded\u00edcale la atenci\u00f3n necesaria porque su impacto te ayudar\u00e1 a impulsar el \u00e9xito de tu empresa.   <\/p>\n<p id=\"\"><a href=\"https:\/\/salago.design\/contacto\" target=\"_blank\" id=\"\">Cons\u00faltanos para un <strong id=\"\">logo personalizado para tu marca<\/strong>.<\/a><\/p>\n<p id=\"\">\u200d<\/p>\n","protected":false},"excerpt":{"rendered":"<p>\u00bfConoces la historia de los logos? Quiz\u00e1 creas que son una invenci\u00f3n moderna, pero lo cierto es que no son [&hellip;]<\/p>\n","protected":false},"author":1,"featured_media":3989,"comment_status":"closed","ping_status":"open","sticky":false,"template":"","format":"standard","meta":{"site-sidebar-layout":"default","site-content-layout":"","ast-site-content-layout":"full-width-container","site-content-style":"default","site-sidebar-style":"default","ast-global-header-display":"","ast-banner-title-visibility":"","ast-main-header-display":"","ast-hfb-above-header-display":"","ast-hfb-below-header-display":"","ast-hfb-mobile-header-display":"","site-post-title":"","ast-breadcrumbs-content":"","ast-featured-img":"","footer-sml-layout":"","ast-disable-related-posts":"","theme-transparent-header-meta":"","adv-header-id-meta":"","stick-header-meta":"","header-above-stick-meta":"","header-main-stick-meta":"","header-below-stick-meta":"","astra-migrate-meta-layouts":"default","ast-page-background-enabled":"default","ast-page-background-meta":{"desktop":{"background-color":"var(--ast-global-color-5)","background-image":"","background-repeat":"repeat","background-position":"center center","background-size":"auto","background-attachment":"scroll","background-type":"","background-media":"","overlay-type":"","overlay-color":"","overlay-opacity":"","overlay-gradient":""},"tablet":{"background-color":"","background-image":"","background-repeat":"repeat","background-position":"center center","background-size":"auto","background-attachment":"scroll","background-type":"","background-media":"","overlay-type":"","overlay-color":"","overlay-opacity":"","overlay-gradient":""},"mobile":{"background-color":"","background-image":"","background-repeat":"repeat","background-position":"center center","background-size":"auto","background-attachment":"scroll","background-type":"","background-media":"","overlay-type":"","overlay-color":"","overlay-opacity":"","overlay-gradient":""}},"ast-content-background-meta":{"desktop":{"background-color":"var(--ast-global-color-4)","background-image":"","background-repeat":"repeat","background-position":"center center","background-size":"auto","background-attachment":"scroll","background-type":"","background-media":"","overlay-type":"","overlay-color":"","overlay-opacity":"","overlay-gradient":""},"tablet":{"background-color":"var(--ast-global-color-4)","background-image":"","background-repeat":"repeat","background-position":"center center","background-size":"auto","background-attachment":"scroll","background-type":"","background-media":"","overlay-type":"","overlay-color":"","overlay-opacity":"","overlay-gradient":""},"mobile":{"background-color":"var(--ast-global-color-4)","background-image":"","background-repeat":"repeat","background-position":"center center","background-size":"auto","background-attachment":"scroll","background-type":"","background-media":"","overlay-type":"","overlay-color":"","overlay-opacity":"","overlay-gradient":""}},"footnotes":""},"categories":[24],"tags":[],"class_list":["post-3990","post","type-post","status-publish","format-standard","has-post-thumbnail","hentry","category-branding"],"yoast_head":"<!-- This site is optimized with the Yoast SEO plugin v27.3 - https:\/\/yoast.com\/product\/yoast-seo-wordpress\/ -->\n<title>Conoce la historia de los logos con Salago Design<\/title>\n<meta name=\"description\" content=\"Historia de los logos: descubre cu\u00e1l fue considerado el primero y otras curiosidades sobre sus inicios y evoluci\u00f3n a lo largo del tiempo.\" \/>\n<meta name=\"robots\" content=\"index, follow, max-snippet:-1, max-image-preview:large, max-video-preview:-1\" \/>\n<link rel=\"canonical\" href=\"https:\/\/salago.design\/es\/blog\/historia-de-los-logos-te-has-planteado-cual-fue-el-primero\/\" \/>\n<meta property=\"og:locale\" content=\"es_ES\" \/>\n<meta property=\"og:type\" content=\"article\" \/>\n<meta property=\"og:title\" content=\"Conoce la historia de los logos con Salago Design\" \/>\n<meta property=\"og:description\" content=\"Historia de los logos: descubre cu\u00e1l fue considerado el primero y otras curiosidades sobre sus inicios y evoluci\u00f3n a lo largo del tiempo.\" \/>\n<meta property=\"og:url\" content=\"https:\/\/salago.design\/es\/blog\/historia-de-los-logos-te-has-planteado-cual-fue-el-primero\/\" \/>\n<meta property=\"og:site_name\" content=\"Salago Creative\" \/>\n<meta property=\"article:published_time\" content=\"2022-08-08T07:00:00+00:00\" \/>\n<meta property=\"og:image\" content=\"https:\/\/new.salago.design\/wp-content\/uploads\/2022\/08\/650946f6063f5d9248df7570_historia-del-logotipo-1536x864-1.jpg\" \/>\n\t<meta property=\"og:image:width\" content=\"1536\" \/>\n\t<meta property=\"og:image:height\" content=\"864\" \/>\n\t<meta property=\"og:image:type\" content=\"image\/jpeg\" \/>\n<meta name=\"author\" content=\"admin\" \/>\n<meta name=\"twitter:card\" content=\"summary_large_image\" \/>\n<meta name=\"twitter:label1\" content=\"Escrito por\" \/>\n\t<meta name=\"twitter:data1\" content=\"admin\" \/>\n\t<meta name=\"twitter:label2\" content=\"Tiempo de lectura\" \/>\n\t<meta name=\"twitter:data2\" content=\"4 minutos\" \/>\n<script type=\"application\/ld+json\" class=\"yoast-schema-graph\">{\"@context\":\"https:\\\/\\\/schema.org\",\"@graph\":[{\"@type\":\"Article\",\"@id\":\"https:\\\/\\\/salago.design\\\/es\\\/blog\\\/historia-de-los-logos-te-has-planteado-cual-fue-el-primero\\\/#article\",\"isPartOf\":{\"@id\":\"https:\\\/\\\/salago.design\\\/es\\\/blog\\\/historia-de-los-logos-te-has-planteado-cual-fue-el-primero\\\/\"},\"author\":{\"name\":\"admin\",\"@id\":\"https:\\\/\\\/salago.design\\\/es\\\/#\\\/schema\\\/person\\\/1ff76e1ba20b7b6ccd7a986d7260a078\"},\"headline\":\"Historia de los logos, \u00bfte has planteado cu\u00e1l fue el primero?\",\"datePublished\":\"2022-08-08T07:00:00+00:00\",\"mainEntityOfPage\":{\"@id\":\"https:\\\/\\\/salago.design\\\/es\\\/blog\\\/historia-de-los-logos-te-has-planteado-cual-fue-el-primero\\\/\"},\"wordCount\":820,\"publisher\":{\"@id\":\"https:\\\/\\\/salago.design\\\/es\\\/#organization\"},\"image\":{\"@id\":\"https:\\\/\\\/salago.design\\\/es\\\/blog\\\/historia-de-los-logos-te-has-planteado-cual-fue-el-primero\\\/#primaryimage\"},\"thumbnailUrl\":\"https:\\\/\\\/salago.design\\\/wp-content\\\/uploads\\\/2022\\\/08\\\/650946f6063f5d9248df7570_historia-del-logotipo-1536x864-1.jpg\",\"articleSection\":[\"branding\"],\"inLanguage\":\"es\"},{\"@type\":\"WebPage\",\"@id\":\"https:\\\/\\\/salago.design\\\/es\\\/blog\\\/historia-de-los-logos-te-has-planteado-cual-fue-el-primero\\\/\",\"url\":\"https:\\\/\\\/salago.design\\\/es\\\/blog\\\/historia-de-los-logos-te-has-planteado-cual-fue-el-primero\\\/\",\"name\":\"Conoce la historia de los logos con Salago Design\",\"isPartOf\":{\"@id\":\"https:\\\/\\\/salago.design\\\/es\\\/#website\"},\"primaryImageOfPage\":{\"@id\":\"https:\\\/\\\/salago.design\\\/es\\\/blog\\\/historia-de-los-logos-te-has-planteado-cual-fue-el-primero\\\/#primaryimage\"},\"image\":{\"@id\":\"https:\\\/\\\/salago.design\\\/es\\\/blog\\\/historia-de-los-logos-te-has-planteado-cual-fue-el-primero\\\/#primaryimage\"},\"thumbnailUrl\":\"https:\\\/\\\/salago.design\\\/wp-content\\\/uploads\\\/2022\\\/08\\\/650946f6063f5d9248df7570_historia-del-logotipo-1536x864-1.jpg\",\"datePublished\":\"2022-08-08T07:00:00+00:00\",\"description\":\"Historia de los logos: descubre cu\u00e1l fue considerado el primero y otras curiosidades sobre sus inicios y evoluci\u00f3n a lo largo del tiempo.\",\"breadcrumb\":{\"@id\":\"https:\\\/\\\/salago.design\\\/es\\\/blog\\\/historia-de-los-logos-te-has-planteado-cual-fue-el-primero\\\/#breadcrumb\"},\"inLanguage\":\"es\",\"potentialAction\":[{\"@type\":\"ReadAction\",\"target\":[\"https:\\\/\\\/salago.design\\\/es\\\/blog\\\/historia-de-los-logos-te-has-planteado-cual-fue-el-primero\\\/\"]}]},{\"@type\":\"ImageObject\",\"inLanguage\":\"es\",\"@id\":\"https:\\\/\\\/salago.design\\\/es\\\/blog\\\/historia-de-los-logos-te-has-planteado-cual-fue-el-primero\\\/#primaryimage\",\"url\":\"https:\\\/\\\/salago.design\\\/wp-content\\\/uploads\\\/2022\\\/08\\\/650946f6063f5d9248df7570_historia-del-logotipo-1536x864-1.jpg\",\"contentUrl\":\"https:\\\/\\\/salago.design\\\/wp-content\\\/uploads\\\/2022\\\/08\\\/650946f6063f5d9248df7570_historia-del-logotipo-1536x864-1.jpg\",\"width\":1536,\"height\":864,\"caption\":\"650946f6063f5d9248df7570 historia del logotipo 1536x864 1\"},{\"@type\":\"BreadcrumbList\",\"@id\":\"https:\\\/\\\/salago.design\\\/es\\\/blog\\\/historia-de-los-logos-te-has-planteado-cual-fue-el-primero\\\/#breadcrumb\",\"itemListElement\":[{\"@type\":\"ListItem\",\"position\":1,\"name\":\"Portada\",\"item\":\"https:\\\/\\\/salago.design\\\/es\\\/\"},{\"@type\":\"ListItem\",\"position\":2,\"name\":\"Historia de los logos, \u00bfte has planteado cu\u00e1l fue el primero?\"}]},{\"@type\":\"WebSite\",\"@id\":\"https:\\\/\\\/salago.design\\\/es\\\/#website\",\"url\":\"https:\\\/\\\/salago.design\\\/es\\\/\",\"name\":\"Salago Creative\",\"description\":\"\",\"publisher\":{\"@id\":\"https:\\\/\\\/salago.design\\\/es\\\/#organization\"},\"potentialAction\":[{\"@type\":\"SearchAction\",\"target\":{\"@type\":\"EntryPoint\",\"urlTemplate\":\"https:\\\/\\\/salago.design\\\/es\\\/?s={search_term_string}\"},\"query-input\":{\"@type\":\"PropertyValueSpecification\",\"valueRequired\":true,\"valueName\":\"search_term_string\"}}],\"inLanguage\":\"es\"},{\"@type\":\"Organization\",\"@id\":\"https:\\\/\\\/salago.design\\\/es\\\/#organization\",\"name\":\"Salago Creative\",\"url\":\"https:\\\/\\\/salago.design\\\/es\\\/\",\"logo\":{\"@type\":\"ImageObject\",\"inLanguage\":\"es\",\"@id\":\"https:\\\/\\\/salago.design\\\/es\\\/#\\\/schema\\\/logo\\\/image\\\/\",\"url\":\"https:\\\/\\\/salago.design\\\/wp-content\\\/uploads\\\/2026\\\/03\\\/salago.png\",\"contentUrl\":\"https:\\\/\\\/salago.design\\\/wp-content\\\/uploads\\\/2026\\\/03\\\/salago.png\",\"width\":1164,\"height\":460,\"caption\":\"Salago Creative\"},\"image\":{\"@id\":\"https:\\\/\\\/salago.design\\\/es\\\/#\\\/schema\\\/logo\\\/image\\\/\"},\"sameAs\":[\"https:\\\/\\\/www.instagram.com\\\/salago.design\",\"https:\\\/\\\/www.linkedin.com\\\/company\\\/salago-design\"]},{\"@type\":\"Person\",\"@id\":\"https:\\\/\\\/salago.design\\\/es\\\/#\\\/schema\\\/person\\\/1ff76e1ba20b7b6ccd7a986d7260a078\",\"name\":\"admin\",\"image\":{\"@type\":\"ImageObject\",\"inLanguage\":\"es\",\"@id\":\"https:\\\/\\\/secure.gravatar.com\\\/avatar\\\/5b7b07e6fe3d5b1e86ecc9fa6f68a92c5750b325aecccef041b1c0d928bf4f51?s=96&d=mm&r=g\",\"url\":\"https:\\\/\\\/secure.gravatar.com\\\/avatar\\\/5b7b07e6fe3d5b1e86ecc9fa6f68a92c5750b325aecccef041b1c0d928bf4f51?s=96&d=mm&r=g\",\"contentUrl\":\"https:\\\/\\\/secure.gravatar.com\\\/avatar\\\/5b7b07e6fe3d5b1e86ecc9fa6f68a92c5750b325aecccef041b1c0d928bf4f51?s=96&d=mm&r=g\",\"caption\":\"admin\"},\"sameAs\":[\"https:\\\/\\\/salago.design\"],\"url\":\"https:\\\/\\\/salago.design\\\/es\\\/blog\\\/author\\\/admin\\\/\"}]}<\/script>\n<!-- \/ Yoast SEO plugin. -->","yoast_head_json":{"title":"Conoce la historia de los logos con Salago Design","description":"Historia de los logos: descubre cu\u00e1l fue considerado el primero y otras curiosidades sobre sus inicios y evoluci\u00f3n a lo largo del tiempo.","robots":{"index":"index","follow":"follow","max-snippet":"max-snippet:-1","max-image-preview":"max-image-preview:large","max-video-preview":"max-video-preview:-1"},"canonical":"https:\/\/salago.design\/es\/blog\/historia-de-los-logos-te-has-planteado-cual-fue-el-primero\/","og_locale":"es_ES","og_type":"article","og_title":"Conoce la historia de los logos con Salago Design","og_description":"Historia de los logos: descubre cu\u00e1l fue considerado el primero y otras curiosidades sobre sus inicios y evoluci\u00f3n a lo largo del tiempo.","og_url":"https:\/\/salago.design\/es\/blog\/historia-de-los-logos-te-has-planteado-cual-fue-el-primero\/","og_site_name":"Salago Creative","article_published_time":"2022-08-08T07:00:00+00:00","og_image":[{"width":1536,"height":864,"url":"https:\/\/new.salago.design\/wp-content\/uploads\/2022\/08\/650946f6063f5d9248df7570_historia-del-logotipo-1536x864-1.jpg","type":"image\/jpeg"}],"author":"admin","twitter_card":"summary_large_image","twitter_misc":{"Escrito por":"admin","Tiempo de lectura":"4 minutos"},"schema":{"@context":"https:\/\/schema.org","@graph":[{"@type":"Article","@id":"https:\/\/salago.design\/es\/blog\/historia-de-los-logos-te-has-planteado-cual-fue-el-primero\/#article","isPartOf":{"@id":"https:\/\/salago.design\/es\/blog\/historia-de-los-logos-te-has-planteado-cual-fue-el-primero\/"},"author":{"name":"admin","@id":"https:\/\/salago.design\/es\/#\/schema\/person\/1ff76e1ba20b7b6ccd7a986d7260a078"},"headline":"Historia de los logos, \u00bfte has planteado cu\u00e1l fue el primero?","datePublished":"2022-08-08T07:00:00+00:00","mainEntityOfPage":{"@id":"https:\/\/salago.design\/es\/blog\/historia-de-los-logos-te-has-planteado-cual-fue-el-primero\/"},"wordCount":820,"publisher":{"@id":"https:\/\/salago.design\/es\/#organization"},"image":{"@id":"https:\/\/salago.design\/es\/blog\/historia-de-los-logos-te-has-planteado-cual-fue-el-primero\/#primaryimage"},"thumbnailUrl":"https:\/\/salago.design\/wp-content\/uploads\/2022\/08\/650946f6063f5d9248df7570_historia-del-logotipo-1536x864-1.jpg","articleSection":["branding"],"inLanguage":"es"},{"@type":"WebPage","@id":"https:\/\/salago.design\/es\/blog\/historia-de-los-logos-te-has-planteado-cual-fue-el-primero\/","url":"https:\/\/salago.design\/es\/blog\/historia-de-los-logos-te-has-planteado-cual-fue-el-primero\/","name":"Conoce la historia de los logos con Salago Design","isPartOf":{"@id":"https:\/\/salago.design\/es\/#website"},"primaryImageOfPage":{"@id":"https:\/\/salago.design\/es\/blog\/historia-de-los-logos-te-has-planteado-cual-fue-el-primero\/#primaryimage"},"image":{"@id":"https:\/\/salago.design\/es\/blog\/historia-de-los-logos-te-has-planteado-cual-fue-el-primero\/#primaryimage"},"thumbnailUrl":"https:\/\/salago.design\/wp-content\/uploads\/2022\/08\/650946f6063f5d9248df7570_historia-del-logotipo-1536x864-1.jpg","datePublished":"2022-08-08T07:00:00+00:00","description":"Historia de los logos: descubre cu\u00e1l fue considerado el primero y otras curiosidades sobre sus inicios y evoluci\u00f3n a lo largo del tiempo.","breadcrumb":{"@id":"https:\/\/salago.design\/es\/blog\/historia-de-los-logos-te-has-planteado-cual-fue-el-primero\/#breadcrumb"},"inLanguage":"es","potentialAction":[{"@type":"ReadAction","target":["https:\/\/salago.design\/es\/blog\/historia-de-los-logos-te-has-planteado-cual-fue-el-primero\/"]}]},{"@type":"ImageObject","inLanguage":"es","@id":"https:\/\/salago.design\/es\/blog\/historia-de-los-logos-te-has-planteado-cual-fue-el-primero\/#primaryimage","url":"https:\/\/salago.design\/wp-content\/uploads\/2022\/08\/650946f6063f5d9248df7570_historia-del-logotipo-1536x864-1.jpg","contentUrl":"https:\/\/salago.design\/wp-content\/uploads\/2022\/08\/650946f6063f5d9248df7570_historia-del-logotipo-1536x864-1.jpg","width":1536,"height":864,"caption":"650946f6063f5d9248df7570 historia del logotipo 1536x864 1"},{"@type":"BreadcrumbList","@id":"https:\/\/salago.design\/es\/blog\/historia-de-los-logos-te-has-planteado-cual-fue-el-primero\/#breadcrumb","itemListElement":[{"@type":"ListItem","position":1,"name":"Portada","item":"https:\/\/salago.design\/es\/"},{"@type":"ListItem","position":2,"name":"Historia de los logos, \u00bfte has planteado cu\u00e1l fue el primero?"}]},{"@type":"WebSite","@id":"https:\/\/salago.design\/es\/#website","url":"https:\/\/salago.design\/es\/","name":"Salago Creative","description":"","publisher":{"@id":"https:\/\/salago.design\/es\/#organization"},"potentialAction":[{"@type":"SearchAction","target":{"@type":"EntryPoint","urlTemplate":"https:\/\/salago.design\/es\/?s={search_term_string}"},"query-input":{"@type":"PropertyValueSpecification","valueRequired":true,"valueName":"search_term_string"}}],"inLanguage":"es"},{"@type":"Organization","@id":"https:\/\/salago.design\/es\/#organization","name":"Salago Creative","url":"https:\/\/salago.design\/es\/","logo":{"@type":"ImageObject","inLanguage":"es","@id":"https:\/\/salago.design\/es\/#\/schema\/logo\/image\/","url":"https:\/\/salago.design\/wp-content\/uploads\/2026\/03\/salago.png","contentUrl":"https:\/\/salago.design\/wp-content\/uploads\/2026\/03\/salago.png","width":1164,"height":460,"caption":"Salago Creative"},"image":{"@id":"https:\/\/salago.design\/es\/#\/schema\/logo\/image\/"},"sameAs":["https:\/\/www.instagram.com\/salago.design","https:\/\/www.linkedin.com\/company\/salago-design"]},{"@type":"Person","@id":"https:\/\/salago.design\/es\/#\/schema\/person\/1ff76e1ba20b7b6ccd7a986d7260a078","name":"admin","image":{"@type":"ImageObject","inLanguage":"es","@id":"https:\/\/secure.gravatar.com\/avatar\/5b7b07e6fe3d5b1e86ecc9fa6f68a92c5750b325aecccef041b1c0d928bf4f51?s=96&d=mm&r=g","url":"https:\/\/secure.gravatar.com\/avatar\/5b7b07e6fe3d5b1e86ecc9fa6f68a92c5750b325aecccef041b1c0d928bf4f51?s=96&d=mm&r=g","contentUrl":"https:\/\/secure.gravatar.com\/avatar\/5b7b07e6fe3d5b1e86ecc9fa6f68a92c5750b325aecccef041b1c0d928bf4f51?s=96&d=mm&r=g","caption":"admin"},"sameAs":["https:\/\/salago.design"],"url":"https:\/\/salago.design\/es\/blog\/author\/admin\/"}]}},"_links":{"self":[{"href":"https:\/\/salago.design\/es\/wp-json\/wp\/v2\/posts\/3990","targetHints":{"allow":["GET"]}}],"collection":[{"href":"https:\/\/salago.design\/es\/wp-json\/wp\/v2\/posts"}],"about":[{"href":"https:\/\/salago.design\/es\/wp-json\/wp\/v2\/types\/post"}],"author":[{"embeddable":true,"href":"https:\/\/salago.design\/es\/wp-json\/wp\/v2\/users\/1"}],"replies":[{"embeddable":true,"href":"https:\/\/salago.design\/es\/wp-json\/wp\/v2\/comments?post=3990"}],"version-history":[{"count":0,"href":"https:\/\/salago.design\/es\/wp-json\/wp\/v2\/posts\/3990\/revisions"}],"wp:featuredmedia":[{"embeddable":true,"href":"https:\/\/salago.design\/es\/wp-json\/wp\/v2\/media\/3989"}],"wp:attachment":[{"href":"https:\/\/salago.design\/es\/wp-json\/wp\/v2\/media?parent=3990"}],"wp:term":[{"taxonomy":"category","embeddable":true,"href":"https:\/\/salago.design\/es\/wp-json\/wp\/v2\/categories?post=3990"},{"taxonomy":"post_tag","embeddable":true,"href":"https:\/\/salago.design\/es\/wp-json\/wp\/v2\/tags?post=3990"}],"curies":[{"name":"wp","href":"https:\/\/api.w.org\/{rel}","templated":true}]}}